{"id":14531,"date":"2013-08-27T08:19:24","date_gmt":"2013-08-27T13:19:24","guid":{"rendered":"http:\/\/www.ambiente.gob.ec\/?p=14531"},"modified":"2013-08-27T14:22:54","modified_gmt":"2013-08-27T19:22:54","slug":"479-establecimientos-turisticos-inspeccionados-en-esmeraldas","status":"publish","type":"post","link":"https:\/\/www.ambienteyenergia.gob.ec\/ambiente\/479-establecimientos-turisticos-inspeccionados-en-esmeraldas\/","title":{"rendered":"479 establecimientos tur\u00edsticos inspeccionados en Esmeraldas"},"content":{"rendered":"<p align=\"JUSTIFY\"><span style=\"font-family: 'Arial Narrow', sans-serif;\">El Ministerio del Ambiente (MAE), en conjunto con el Ministerio Coordinador de Desarrollo Social, el Ministerio de Salud (MSP), la Secretaria Nacional del Agua (SENAGUA) y el Ministerio de Turismo (MINTUR), defini\u00f3 estrategias y acciones inmediatas a realizarse para la implementaci\u00f3n del Plan intersectorial que tiene como objetivo garantizar la salud desde el ejercicio del derecho humano al agua segura, de calidad y saneamiento integral, en la provincia de Esmeraldas.<\/span><\/p>\n<p align=\"JUSTIFY\"><span style=\"font-family: 'Arial Narrow', sans-serif;\">A partir del 7 de junio de 2013, las Direcciones Provinciales de cada instituci\u00f3n involucrada iniciaron las inspecciones conjuntas a 479 establecimientos tur\u00edsticos, para evaluar la situaci\u00f3n actual, en cumplimiento a la normativa vigente y en base a cada una a sus competencias.<\/span><\/p>\n<p align=\"JUSTIFY\"><span style=\"font-family: 'Arial Narrow', sans-serif;\">Para esto, el MAE implement\u00f3 una mesa de ayuda en la que se informa a la ciudadan\u00eda sobre los requisitos y documentos que se necesitan para solicitar permisos, licencias, o fichas ambientales de acuerdo a la empresa que administran.<\/span><\/p>\n<p align=\"JUSTIFY\"><span style=\"font-family: 'Arial Narrow', sans-serif;\">Asimismo, la Direcci\u00f3n Provincial de Ambiente de Esmeraldas realiza capacitaciones sobre regularizaci\u00f3n ambiental dirigidas a la poblaci\u00f3n en general y a los due\u00f1os de negocios.<\/span><\/p>\n<p align=\"JUSTIFY\"><span style=\"font-family: 'Arial Narrow', sans-serif;\">En total, el tema de regularizaciones ambientales se ha socializado a 321 personas. Se capacit\u00f3 a 195 personas en una mesa de ayuda y a 126 personas en talleres y charlas en centros educativos.<\/span><\/p>\n<p align=\"JUSTIFY\"><span style=\"font-family: 'Arial Narrow', sans-serif;\">De los 479 establecimientos visitados, el 25% (126) se encuentran en proceso de regularizaci\u00f3n ambiental, mientras que el 75% de establecimientos est\u00e1 por regularizarse. De los que se determina que 114 son de alojamiento y 12 de alimentos. Al no cumplir con la normativa legal o no iniciar con el proceso de regularizaci\u00f3n ambiental, se levantar\u00e1n los debidos procesos administrativos. Actualmente, se iniciaron 76 procesos administrativos, de los cuales, cinco procesos est\u00e1n resueltos, 17 en regularizaci\u00f3n y 10 suspendidos. Entre los establecimientos visitados se encuentran: <\/span><\/p>\n<table width=\"734\" cellspacing=\"0\" cellpadding=\"9\">\n<colgroup>\n<col width=\"368\" \/>\n<col width=\"327\" \/> <\/colgroup>\n<tbody>\n<tr valign=\"TOP\">\n<td width=\"368\" height=\"7\">\n<p align=\"CENTER\"><span style=\"font-family: 'Arial Narrow', sans-serif;\">Hotel <\/span><\/p>\n<\/td>\n<td width=\"327\">\n<p align=\"CENTER\"><span style=\"font-family: 'Arial Narrow', sans-serif;\">39<\/span><\/p>\n<\/td>\n<\/tr>\n<tr valign=\"TOP\">\n<td width=\"368\" height=\"8\">\n<p align=\"CENTER\"><span style=\"font-family: 'Arial Narrow', sans-serif;\">Hotel <\/span><span style=\"font-family: 'Arial Narrow', sans-serif;\">residencia <\/span><\/p>\n<\/td>\n<td width=\"327\">\n<p align=\"CENTER\"><span style=\"font-family: 'Arial Narrow', sans-serif;\">5<\/span><\/p>\n<\/td>\n<\/tr>\n<tr valign=\"TOP\">\n<td width=\"368\" height=\"8\">\n<p align=\"CENTER\"><span style=\"font-family: 'Arial Narrow', sans-serif;\">Hostal <\/span><\/p>\n<\/td>\n<td width=\"327\">\n<p align=\"CENTER\"><span style=\"font-family: 'Arial Narrow', sans-serif;\">53<\/span><\/p>\n<\/td>\n<\/tr>\n<tr valign=\"TOP\">\n<td width=\"368\" height=\"8\">\n<p align=\"CENTER\"><span style=\"font-family: 'Arial Narrow', sans-serif;\">Hostal <\/span><span style=\"font-family: 'Arial Narrow', sans-serif;\">residencia <\/span><\/p>\n<\/td>\n<td width=\"327\">\n<p align=\"CENTER\"><span style=\"font-family: 'Arial Narrow', sans-serif;\">35<\/span><\/p>\n<\/td>\n<\/tr>\n<tr valign=\"TOP\">\n<td width=\"368\" height=\"8\">\n<p align=\"CENTER\"><span style=\"font-family: 'Arial Narrow', sans-serif;\">H<\/span><span style=\"font-family: 'Arial Narrow', sans-serif;\">oster\u00edas<\/span><\/p>\n<\/td>\n<td width=\"327\">\n<p align=\"CENTER\"><span style=\"font-family: 'Arial Narrow', sans-serif;\">20<\/span><\/p>\n<\/td>\n<\/tr>\n<tr valign=\"TOP\">\n<td width=\"368\" height=\"8\">\n<p align=\"CENTER\"><span style=\"font-family: 'Arial Narrow', sans-serif;\">Caba\u00f1as 36<\/span><\/p>\n<\/td>\n<td width=\"327\">\n<p align=\"CENTER\"><span style=\"font-family: 'Arial Narrow', sans-serif;\">36<\/span><\/p>\n<\/td>\n<\/tr>\n<tr valign=\"TOP\">\n<td width=\"368\" height=\"8\">\n<p align=\"CENTER\"><span style=\"font-family: 'Arial Narrow', sans-serif;\">Pensi<\/span><span style=\"font-family: 'Arial Narrow', sans-serif;\">\u00f3n <\/span><\/p>\n<\/td>\n<td width=\"327\">\n<p align=\"CENTER\"><span style=\"font-family: 'Arial Narrow', sans-serif;\">33<\/span><\/p>\n<\/td>\n<\/tr>\n<tr valign=\"TOP\">\n<td width=\"368\" height=\"8\">\n<p align=\"CENTER\"><span style=\"font-family: 'Arial Narrow', sans-serif;\">Complejo vac<\/span><span style=\"font-family: 'Arial Narrow', sans-serif;\">acional <\/span><\/p>\n<\/td>\n<td width=\"327\">\n<p align=\"CENTER\"><span style=\"font-family: 'Arial Narrow', sans-serif;\">48<\/span><\/p>\n<\/td>\n<\/tr>\n<tr valign=\"TOP\">\n<td width=\"368\" height=\"8\">\n<p align=\"CENTER\"><span style=\"font-family: 'Arial Narrow', sans-serif;\">Apartamentos tur\u00edsticos<\/span><\/p>\n<\/td>\n<td width=\"327\">\n<p align=\"CENTER\"><span style=\"font-family: 'Arial Narrow', sans-serif;\">4<\/span><\/p>\n<\/td>\n<\/tr>\n<tr valign=\"TOP\">\n<td width=\"368\" height=\"8\">\n<p align=\"CENTER\"><span style=\"font-family: 'Arial Narrow', sans-serif;\">Condominio<\/span><\/p>\n<\/td>\n<td width=\"327\">\n<p align=\"CENTER\"><span style=\"font-family: 'Arial Narrow', sans-serif;\">103<\/span><\/p>\n<\/td>\n<\/tr>\n<tr valign=\"TOP\">\n<td width=\"368\" height=\"8\">\n<p align=\"CENTER\"><span style=\"font-family: 'Arial Narrow', sans-serif;\">Restaurantes<\/span><\/p>\n<\/td>\n<td width=\"327\">\n<p align=\"CENTER\"><span style=\"font-family: 'Arial Narrow', sans-serif;\">100<\/span><\/p>\n<\/td>\n<\/tr>\n<tr valign=\"TOP\">\n<td width=\"368\" height=\"8\">\n<p align=\"CENTER\"><span style=\"font-family: 'Arial Narrow', sans-serif;\">Cafeter\u00eda<\/span><\/p>\n<\/td>\n<td width=\"327\">\n<p align=\"CENTER\"><span style=\"font-family: 'Arial Narrow', sans-serif;\">2<\/span><\/p>\n<\/td>\n<\/tr>\n<tr valign=\"TOP\">\n<td width=\"368\" height=\"8\">\n<p align=\"CENTER\"><span style=\"font-family: 'Arial Narrow', sans-serif;\">Fuente de soda<\/span><\/p>\n<\/td>\n<td width=\"327\">\n<p align=\"CENTER\"><span style=\"font-family: 'Arial Narrow', sans-serif;\">1<\/span><\/p>\n<\/td>\n<\/tr>\n<tr valign=\"TOP\">\n<td width=\"368\" height=\"7\">\n<p align=\"CENTER\"><span style=\"font-family: 'Arial Narrow', sans-serif;\">TOTAL<\/span><\/p>\n<\/td>\n<td width=\"327\">\n<p align=\"CENTER\"><span style=\"font-family: 'Arial Narrow', sans-serif;\">479<\/span><\/p>\n<\/td>\n<\/tr>\n<\/tbody>\n<\/table>\n<p align=\"JUSTIFY\"><strong><span style=\"font-family: 'Arial Narrow',sans-serif;\">Cierre de Hotel por incumplimiento de normativa<\/span><\/strong><\/p>\n<p align=\"JUSTIFY\"><span style=\"font-family: 'Arial Narrow', sans-serif;\">El cierre que se efectu\u00f3 al <\/span>Hotel Costa Para\u00edso de la cabecera parroquial Atacames, fue por no contar con los permisos ambientales a pesar de haberlos notificado y otorgado 30 d\u00edas perentorios de acuerdo a la normativa ambiental vigente, de igual forma el Ministerio de Salud, procedi\u00f3 a clausurar la cocina debido a que \u00e9sta no prestaba las condiciones higi\u00e9nicas necesarias. Este trabajo se realiza de forma conjunta entre varias instituciones como parte de una estrategia integral que busca garantizar los derechos de la ciudadan\u00eda.<\/p>\n","protected":false},"excerpt":{"rendered":"<p class=\"excerpt\">El Ministerio del Ambiente (MAE), en conjunto con el Ministerio Coordinador de Desarrollo Social, el Ministerio de Salud (MSP), la Secretaria Nacional del Agua (SENAGUA) y el Ministerio de Turismo (MINTUR), defini\u00f3 estrategias y acciones inmediatas a realizarse para la implementaci\u00f3n del Plan intersectorial que tiene como objetivo garantizar la salud desde el ejercicio del derecho humano al agua segura,&hellip; <a href=\"https:\/\/www.ambienteyenergia.gob.ec\/ambiente\/479-establecimientos-turisticos-inspeccionados-en-esmeraldas\/\">Read more &rarr;<\/a><\/p>\n","protected":false},"author":13,"featured_media":14376,"comment_status":"open","ping_status":"open","sticky":false,"template":"","format":"standard","meta":{"footnotes":""},"categories":[16,4],"tags":[],"class_list":["post-14531","post","type-post","status-publish","format-standard","has-post-thumbnail","hentry","category-comunicamos","category-noticias","xfolkentry"],"_links":{"self":[{"href":"https:\/\/www.ambienteyenergia.gob.ec\/ambiente\/wp-json\/wp\/v2\/posts\/14531","targetHints":{"allow":["GET"]}}],"collection":[{"href":"https:\/\/www.ambienteyenergia.gob.ec\/ambiente\/wp-json\/wp\/v2\/posts"}],"about":[{"href":"https:\/\/www.ambienteyenergia.gob.ec\/ambiente\/wp-json\/wp\/v2\/types\/post"}],"author":[{"embeddable":true,"href":"https:\/\/www.ambienteyenergia.gob.ec\/ambiente\/wp-json\/wp\/v2\/users\/13"}],"replies":[{"embeddable":true,"href":"https:\/\/www.ambienteyenergia.gob.ec\/ambiente\/wp-json\/wp\/v2\/comments?post=14531"}],"version-history":[{"count":0,"href":"https:\/\/www.ambienteyenergia.gob.ec\/ambiente\/wp-json\/wp\/v2\/posts\/14531\/revisions"}],"wp:featuredmedia":[{"embeddable":true,"href":"https:\/\/www.ambienteyenergia.gob.ec\/ambiente\/wp-json\/wp\/v2\/media\/14376"}],"wp:attachment":[{"href":"https:\/\/www.ambienteyenergia.gob.ec\/ambiente\/wp-json\/wp\/v2\/media?parent=14531"}],"wp:term":[{"taxonomy":"category","embeddable":true,"href":"https:\/\/www.ambienteyenergia.gob.ec\/ambiente\/wp-json\/wp\/v2\/categories?post=14531"},{"taxonomy":"post_tag","embeddable":true,"href":"https:\/\/www.ambienteyenergia.gob.ec\/ambiente\/wp-json\/wp\/v2\/tags?post=14531"}],"curies":[{"name":"wp","href":"https:\/\/api.w.org\/{rel}","templated":true}]}}