{"id":14526,"date":"2013-08-26T17:02:46","date_gmt":"2013-08-26T22:02:46","guid":{"rendered":"http:\/\/www.ambiente.gob.ec\/?p=14526"},"modified":"2013-08-26T17:02:46","modified_gmt":"2013-08-26T22:02:46","slug":"taller-de-sensibilizacion-a-mineros-artesanales-en-zamora-chinchipe","status":"publish","type":"post","link":"https:\/\/www.ambienteyenergia.gob.ec\/ambiente\/taller-de-sensibilizacion-a-mineros-artesanales-en-zamora-chinchipe\/","title":{"rendered":"Taller de sensibilizaci\u00f3n a mineros artesanales en Zamora Chinchipe"},"content":{"rendered":"<p style=\"text-align: justify;\">En el marco de los proyectos Plan Cero Mercurio y Mejoramiento de las Condiciones de Trabajo de la Peque\u00f1a Miner\u00eda y Miner\u00eda Artesanal, el \u00a0Ministerio del Ambiente (MAE), en coordinaci\u00f3n con el Instituto Nacional de Investigaci\u00f3n Geol\u00f3gico, Minero, Metal\u00fargico (INIGEMM), organiz\u00f3 varios talleres dirigidos a aproximadamente 100 mineros artesanales y peque\u00f1os mineros de las localidades de La Zarza, Conguime, El Dorado, La Pangui, Tutupali, 28 de Mayo y La Paz, en las provincias de Zamora Chinchipe, El Oro y Azuay.<\/p>\n<p style=\"text-align: justify;\">El evento se desarroll\u00f3 del 21 y 23 de agosto del presente a\u00f1o, con el objetivo de capacitar y proporcionar asistencia t\u00e9cnica a los mineros de las provincias antes mencionadas.<\/p>\n<p style=\"text-align: justify;\">En las capacitaciones se expusieron distintos temas ambientales enfocados en el proceso de regularizaci\u00f3n, aspectos t\u00e9cnico mineros y beneficio del mineral, concepto de comercio justo y aspectos generales sobre el uso de mercurio, entre otros.<\/p>\n<p style=\"text-align: justify;\">Una de las metas fue difundir conocimientos generales sobre temas mineros metal\u00fargicos para que las personas que se dedican a esta actividad tengan m\u00e1s informaci\u00f3n sobre la normativa legal.<\/p>\n","protected":false},"excerpt":{"rendered":"<p class=\"excerpt\">En el marco de los proyectos Plan Cero Mercurio y Mejoramiento de las Condiciones de Trabajo de la Peque\u00f1a Miner\u00eda y Miner\u00eda Artesanal, el \u00a0Ministerio del Ambiente (MAE), en coordinaci\u00f3n con el Instituto Nacional de Investigaci\u00f3n Geol\u00f3gico, Minero, Metal\u00fargico (INIGEMM), organiz\u00f3 varios talleres dirigidos a aproximadamente 100 mineros artesanales y peque\u00f1os mineros de las localidades de La Zarza, Conguime, El&hellip; <a href=\"https:\/\/www.ambienteyenergia.gob.ec\/ambiente\/taller-de-sensibilizacion-a-mineros-artesanales-en-zamora-chinchipe\/\">Read more &rarr;<\/a><\/p>\n","protected":false},"author":13,"featured_media":14527,"comment_status":"open","ping_status":"open","sticky":false,"template":"","format":"standard","meta":{"footnotes":""},"categories":[16,4],"tags":[],"class_list":["post-14526","post","type-post","status-publish","format-standard","has-post-thumbnail","hentry","category-comunicamos","category-noticias","xfolkentry"],"_links":{"self":[{"href":"https:\/\/www.ambienteyenergia.gob.ec\/ambiente\/wp-json\/wp\/v2\/posts\/14526","targetHints":{"allow":["GET"]}}],"collection":[{"href":"https:\/\/www.ambienteyenergia.gob.ec\/ambiente\/wp-json\/wp\/v2\/posts"}],"about":[{"href":"https:\/\/www.ambienteyenergia.gob.ec\/ambiente\/wp-json\/wp\/v2\/types\/post"}],"author":[{"embeddable":true,"href":"https:\/\/www.ambienteyenergia.gob.ec\/ambiente\/wp-json\/wp\/v2\/users\/13"}],"replies":[{"embeddable":true,"href":"https:\/\/www.ambienteyenergia.gob.ec\/ambiente\/wp-json\/wp\/v2\/comments?post=14526"}],"version-history":[{"count":0,"href":"https:\/\/www.ambienteyenergia.gob.ec\/ambiente\/wp-json\/wp\/v2\/posts\/14526\/revisions"}],"wp:featuredmedia":[{"embeddable":true,"href":"https:\/\/www.ambienteyenergia.gob.ec\/ambiente\/wp-json\/wp\/v2\/media\/14527"}],"wp:attachment":[{"href":"https:\/\/www.ambienteyenergia.gob.ec\/ambiente\/wp-json\/wp\/v2\/media?parent=14526"}],"wp:term":[{"taxonomy":"category","embeddable":true,"href":"https:\/\/www.ambienteyenergia.gob.ec\/ambiente\/wp-json\/wp\/v2\/categories?post=14526"},{"taxonomy":"post_tag","embeddable":true,"href":"https:\/\/www.ambienteyenergia.gob.ec\/ambiente\/wp-json\/wp\/v2\/tags?post=14526"}],"curies":[{"name":"wp","href":"https:\/\/api.w.org\/{rel}","templated":true}]}}