{"id":14516,"date":"2013-08-26T15:06:54","date_gmt":"2013-08-26T20:06:54","guid":{"rendered":"http:\/\/www.ambiente.gob.ec\/?p=14516"},"modified":"2013-08-26T20:30:25","modified_gmt":"2013-08-27T01:30:25","slug":"osezna-de-anteojos-delicada-de-salud-tras-mala-practica-medica","status":"publish","type":"post","link":"https:\/\/www.ambienteyenergia.gob.ec\/ambiente\/osezna-de-anteojos-delicada-de-salud-tras-mala-practica-medica\/","title":{"rendered":"Osezna de anteojos, delicada de salud tras mala pr\u00e1ctica m\u00e9dica"},"content":{"rendered":"<p style=\"text-align: justify;\">El Ministerio del Ambiente (MAE) rescat\u00f3 una osezna de anteojos en el cant\u00f3n Sigchos, provincia de Cotopaxi. El animal fue encontrado en condiciones cr\u00edticas debido a las malas pr\u00e1cticas m\u00e9dicas a las cuales estuvo expuesto por \u00a0las personas que lo hallaron y no comunicaron a la Autoridad Ambiental a tiempo para propiciarle un tratamiento adecuado.<\/p>\n<p style=\"text-align: justify;\">El MAE, apenas tuvo conocimiento del estado de salud del peque\u00f1o mam\u00edfero, lo traslad\u00f3 a la Cl\u00ednica Veterinaria Planeta Vida, para salvaguardar su integridad, el pasado 21 de agosto. La osezna ingreso a la cl\u00ednica veterinaria en p\u00e9simas condiciones de salud que se reflejaban en la p\u00e9rdida de elasticidad cut\u00e1nea, mucosas secas y p\u00e1lidas, aumento del tiempo de llenado capilar, pulso acelerado y superficial, emaciaci\u00f3n (flaqueza exagerada), depresi\u00f3n y somnolencia. Esto como consecuencia de una mala pr\u00e1ctica m\u00e9dica, al aplicar un tratamiento m\u00e9dico humano, lo que provoc\u00f3 una complicaci\u00f3n en su estado de salud.<\/p>\n<p style=\"text-align: justify;\">Por esta raz\u00f3n, el MAE hace un llamado de atenci\u00f3n a la poblaci\u00f3n y solicita que si encuentran fauna silvestre, se dirijan inmediatamente a la Autoridad Ambiental, pues\u00a0 cuenta con el apoyo de centros especializados y m\u00e9dicos veterinarios aptos para tratar casos de este tipo. Al llevar a los animales a lugares que no cuentan con los permisos respectivos y sin la experiencia necesaria dificultan la labor de esta Cartera de Estado.<\/p>\n<p style=\"text-align: justify;\">La mala atenci\u00f3n que recibi\u00f3 la osezna, previo a ser rescatada por el MAE, retras\u00f3 sin duda su recuperaci\u00f3n, pues en este lugar le administraron medicamento irritante para el est\u00f3mago que puso en peligro su vida. De igual forma, el suero intravenoso que le colocaron, sin la t\u00e9cnica adecuada, \u00a0termin\u00f3 causando un edema (hinchaz\u00f3n por acumulaci\u00f3n de l\u00edquidos) en una de las patas delanteras.<\/p>\n<p style=\"text-align: justify;\">En la cl\u00ednica avalada por el MAE, el esp\u00e9cimen recibi\u00f3 atenci\u00f3n r\u00e1pida y especializada. Se le realizaron ex\u00e1menes dermatol\u00f3gicos (tipograf\u00eda, raspado cut\u00e1neo, impronta y tinci\u00f3n 15), se administr\u00f3 antibi\u00f3tico y terapia de fluidos. Adem\u00e1s, se le administr\u00f3 complejo B y vitamina C.<\/p>\n<p style=\"text-align: justify;\">Actualmente, la osezna \u00a0muestra un poco de mejor\u00eda, pues adopta la posici\u00f3n de esfinge y presenta una expresi\u00f3n m\u00e1s vivaz. Accede a comer fruta y a tomar agua directamente de un plato sin la necesidad de hidratarlo v\u00eda intravenosa. Pero, el pron\u00f3stico de la osezna de anteojos se mantiene reservado por su delicado estado de salud.<\/p>\n<p style=\"text-align: justify;\">El MAE recuerda a la ciudadan\u00eda que \u00a0el primer paso ante la presencia de un esp\u00e9cimen de fauna silvestre fuera de su h\u00e1bitat natural, es comunicar al MAE y evitar tomar acciones arbitrarias que pudieran afectar la vida de los espec\u00edmenes.<\/p>\n<div id='gallery-1' class='gallery galleryid-14516 gallery-columns-4 gallery-size-thumbnail'><dl class='gallery-item'>\n\t\t\t<dt class='gallery-icon landscape'>\n\t\t\t\t<a href='https:\/\/www.ambienteyenergia.gob.ec\/ambiente\/osezna-de-anteojos-delicada-de-salud-tras-mala-practica-medica\/screen-shot-2013-08-26-at-15-08-54\/'><img loading=\"lazy\" decoding=\"async\" width=\"150\" height=\"150\" src=\"https:\/\/www.ambienteyenergia.gob.ec\/ambiente\/wp-content\/uploads\/sites\/2\/2013\/08\/Screen-Shot-2013-08-26-at-15.08.54-150x150.jpg\" class=\"attachment-thumbnail size-thumbnail\" alt=\"\" \/><\/a>\n\t\t\t<\/dt><\/dl><dl class='gallery-item'>\n\t\t\t<dt class='gallery-icon landscape'>\n\t\t\t\t<a href='https:\/\/www.ambienteyenergia.gob.ec\/ambiente\/osezna-de-anteojos-delicada-de-salud-tras-mala-practica-medica\/screen-shot-2013-08-26-at-15-09-16\/'><img loading=\"lazy\" decoding=\"async\" width=\"150\" height=\"150\" src=\"https:\/\/www.ambienteyenergia.gob.ec\/ambiente\/wp-content\/uploads\/sites\/2\/2013\/08\/Screen-Shot-2013-08-26-at-15.09.16-150x150.jpg\" class=\"attachment-thumbnail size-thumbnail\" alt=\"\" \/><\/a>\n\t\t\t<\/dt><\/dl><dl class='gallery-item'>\n\t\t\t<dt class='gallery-icon landscape'>\n\t\t\t\t<a href='https:\/\/www.ambienteyenergia.gob.ec\/ambiente\/osezna-de-anteojos-delicada-de-salud-tras-mala-practica-medica\/screen-shot-2013-08-26-at-15-10-14\/'><img loading=\"lazy\" decoding=\"async\" width=\"150\" height=\"150\" src=\"https:\/\/www.ambienteyenergia.gob.ec\/ambiente\/wp-content\/uploads\/sites\/2\/2013\/08\/Screen-Shot-2013-08-26-at-15.10.14-150x150.jpg\" class=\"attachment-thumbnail size-thumbnail\" alt=\"\" \/><\/a>\n\t\t\t<\/dt><\/dl><dl class='gallery-item'>\n\t\t\t<dt class='gallery-icon landscape'>\n\t\t\t\t<a href='https:\/\/www.ambienteyenergia.gob.ec\/ambiente\/osezna-de-anteojos-delicada-de-salud-tras-mala-practica-medica\/screen-shot-2013-08-26-at-15-08-36\/'><img loading=\"lazy\" decoding=\"async\" width=\"150\" height=\"150\" src=\"https:\/\/www.ambienteyenergia.gob.ec\/ambiente\/wp-content\/uploads\/sites\/2\/2013\/08\/Screen-Shot-2013-08-26-at-15.08.36-150x150.png\" class=\"attachment-thumbnail size-thumbnail\" alt=\"\" \/><\/a>\n\t\t\t<\/dt><\/dl><br style=\"clear: both\" \/>\n\t\t<\/div>\n\n","protected":false},"excerpt":{"rendered":"<p class=\"excerpt\">El Ministerio del Ambiente (MAE) rescat\u00f3 una osezna de anteojos en el cant\u00f3n Sigchos, provincia de Cotopaxi. El animal fue encontrado en condiciones cr\u00edticas debido a las malas pr\u00e1cticas m\u00e9dicas a las cuales estuvo expuesto por \u00a0las personas que lo hallaron y no comunicaron a la Autoridad Ambiental a tiempo para propiciarle un tratamiento adecuado. El MAE, apenas tuvo conocimiento&hellip; <a href=\"https:\/\/www.ambienteyenergia.gob.ec\/ambiente\/osezna-de-anteojos-delicada-de-salud-tras-mala-practica-medica\/\">Read more &rarr;<\/a><\/p>\n","protected":false},"author":13,"featured_media":14520,"comment_status":"open","ping_status":"open","sticky":false,"template":"","format":"standard","meta":{"footnotes":""},"categories":[16,4],"tags":[],"class_list":["post-14516","post","type-post","status-publish","format-standard","has-post-thumbnail","hentry","category-comunicamos","category-noticias","xfolkentry"],"_links":{"self":[{"href":"https:\/\/www.ambienteyenergia.gob.ec\/ambiente\/wp-json\/wp\/v2\/posts\/14516","targetHints":{"allow":["GET"]}}],"collection":[{"href":"https:\/\/www.ambienteyenergia.gob.ec\/ambiente\/wp-json\/wp\/v2\/posts"}],"about":[{"href":"https:\/\/www.ambienteyenergia.gob.ec\/ambiente\/wp-json\/wp\/v2\/types\/post"}],"author":[{"embeddable":true,"href":"https:\/\/www.ambienteyenergia.gob.ec\/ambiente\/wp-json\/wp\/v2\/users\/13"}],"replies":[{"embeddable":true,"href":"https:\/\/www.ambienteyenergia.gob.ec\/ambiente\/wp-json\/wp\/v2\/comments?post=14516"}],"version-history":[{"count":0,"href":"https:\/\/www.ambienteyenergia.gob.ec\/ambiente\/wp-json\/wp\/v2\/posts\/14516\/revisions"}],"wp:featuredmedia":[{"embeddable":true,"href":"https:\/\/www.ambienteyenergia.gob.ec\/ambiente\/wp-json\/wp\/v2\/media\/14520"}],"wp:attachment":[{"href":"https:\/\/www.ambienteyenergia.gob.ec\/ambiente\/wp-json\/wp\/v2\/media?parent=14516"}],"wp:term":[{"taxonomy":"category","embeddable":true,"href":"https:\/\/www.ambienteyenergia.gob.ec\/ambiente\/wp-json\/wp\/v2\/categories?post=14516"},{"taxonomy":"post_tag","embeddable":true,"href":"https:\/\/www.ambienteyenergia.gob.ec\/ambiente\/wp-json\/wp\/v2\/tags?post=14516"}],"curies":[{"name":"wp","href":"https:\/\/api.w.org\/{rel}","templated":true}]}}