{"id":14512,"date":"2013-08-26T12:49:36","date_gmt":"2013-08-26T17:49:36","guid":{"rendered":"http:\/\/www.ambiente.gob.ec\/?p=14512"},"modified":"2013-08-26T12:49:36","modified_gmt":"2013-08-26T17:49:36","slug":"la-tala-de-bosques-es-una-amenaza-ambiental-en-el-yasuni","status":"publish","type":"post","link":"https:\/\/www.ambienteyenergia.gob.ec\/ambiente\/la-tala-de-bosques-es-una-amenaza-ambiental-en-el-yasuni\/","title":{"rendered":"La tala de bosques es una amenaza ambiental en el Yasun\u00ed"},"content":{"rendered":"<p style=\"text-align: justify;\">La Ministra del Ambiente, Lorena Tapia, particip\u00f3 en un panel especializado en \u00a0el Ciudadano TV, junto con el ex ministro Wilson Pastor y Carlos Viteri, presidente de la Comisi\u00f3n de Biodiversidad de la Asamblea, ayer. En el panel, la Ministra Tapia explic\u00f3 que una de las principales amenazas del Yasun\u00ed es la tala indiscriminada de sus bosques. Esto lo constat\u00f3 en el sobrevuelo que realiz\u00f3 la semana pasada sobre esta zona sensible.<\/p>\n<p style=\"text-align: justify;\">En este encuentro la Ministra Tapia asegur\u00f3 que, si bien es cierto, las actividades petroleras pueden causar afectaci\u00f3n por ser una actividad de alto impacto, la tala de bosques y la ampliaci\u00f3n de la frontera agr\u00edcola representan en este momento graves problemas ambientales que perjudican a la selva ecuatoriana.<\/p>\n<p style=\"text-align: justify;\">Impedir la tala de bosques en un sector en donde la gente tiene como su principal fuente de ingresos la explotaci\u00f3n de estos recursos es complicado. Pero Tapia afirm\u00f3 que los habitantes de la zona se han comprometido con el cuidado ambiental y est\u00e1 segura ellos ser\u00e1n veedores para proteger el ambiente, en caso de que se realice cualquier proceso de explotaci\u00f3n.<\/p>\n<p style=\"text-align: justify;\">\u201cEstamos conscientes de la sensibilidad de este sector, pero asimismo nos comprometemos a emprender una serie de medidas de control y fiscalizaci\u00f3n, que vayan de la mano de un proceso de veedur\u00eda ciudadana. Por eso, la disponibilidad de informaci\u00f3n va a ser oportuna y permanente, va a ser un proceso de informaci\u00f3n sostenida\u201d, asegur\u00f3 Tapia.<\/p>\n<p style=\"text-align: justify;\">La posible explotaci\u00f3n en el Parque Yasun\u00ed, busca mejorar la calidad de vida de los sectores m\u00e1s vulnerables de la poblaci\u00f3n ecuatoriana. Si bien es cierto, los impactos que generar\u00e1 la extracci\u00f3n petrolera son de alto riesgo, el Ministerio del Ambiente del Ecuador est\u00e1 en toda la capacidad de controlar y fiscalizar efectivamente este proceso.<\/p>\n<p style=\"text-align: justify;\">El MAE garantizar\u00e1 un proceso sostenible con acciones concretas, reconociendo los derechos de la naturaleza y de las personas.\u201cEl Ministerio del Ambiente no va escatimar recursos ni econ\u00f3micos ni humanos para trabajar con los mejores est\u00e1ndares de seguimiento y apoyarnos en la mejor tecnolog\u00eda nacional e internacional para que el impacto que pudiera generarse tanto ambiental como social en el \u00e1rea de influencia del proyecto sea el m\u00ednimo y sea controlado\u201d, asever\u00f3 la Autoridad Ambiental.<\/p>\n<p style=\"text-align: justify;\">\n<p>&nbsp;<\/p>\n<p>&nbsp;<\/p>\n","protected":false},"excerpt":{"rendered":"<p class=\"excerpt\">La Ministra del Ambiente, Lorena Tapia, particip\u00f3 en un panel especializado en \u00a0el Ciudadano TV, junto con el ex ministro Wilson Pastor y Carlos Viteri, presidente de la Comisi\u00f3n de Biodiversidad de la Asamblea, ayer. En el panel, la Ministra Tapia explic\u00f3 que una de las principales amenazas del Yasun\u00ed es la tala indiscriminada de sus bosques. Esto lo constat\u00f3&hellip; <a href=\"https:\/\/www.ambienteyenergia.gob.ec\/ambiente\/la-tala-de-bosques-es-una-amenaza-ambiental-en-el-yasuni\/\">Read more &rarr;<\/a><\/p>\n","protected":false},"author":13,"featured_media":14513,"comment_status":"open","ping_status":"open","sticky":false,"template":"","format":"standard","meta":{"footnotes":""},"categories":[16,4],"tags":[],"class_list":["post-14512","post","type-post","status-publish","format-standard","has-post-thumbnail","hentry","category-comunicamos","category-noticias","xfolkentry"],"_links":{"self":[{"href":"https:\/\/www.ambienteyenergia.gob.ec\/ambiente\/wp-json\/wp\/v2\/posts\/14512","targetHints":{"allow":["GET"]}}],"collection":[{"href":"https:\/\/www.ambienteyenergia.gob.ec\/ambiente\/wp-json\/wp\/v2\/posts"}],"about":[{"href":"https:\/\/www.ambienteyenergia.gob.ec\/ambiente\/wp-json\/wp\/v2\/types\/post"}],"author":[{"embeddable":true,"href":"https:\/\/www.ambienteyenergia.gob.ec\/ambiente\/wp-json\/wp\/v2\/users\/13"}],"replies":[{"embeddable":true,"href":"https:\/\/www.ambienteyenergia.gob.ec\/ambiente\/wp-json\/wp\/v2\/comments?post=14512"}],"version-history":[{"count":0,"href":"https:\/\/www.ambienteyenergia.gob.ec\/ambiente\/wp-json\/wp\/v2\/posts\/14512\/revisions"}],"wp:featuredmedia":[{"embeddable":true,"href":"https:\/\/www.ambienteyenergia.gob.ec\/ambiente\/wp-json\/wp\/v2\/media\/14513"}],"wp:attachment":[{"href":"https:\/\/www.ambienteyenergia.gob.ec\/ambiente\/wp-json\/wp\/v2\/media?parent=14512"}],"wp:term":[{"taxonomy":"category","embeddable":true,"href":"https:\/\/www.ambienteyenergia.gob.ec\/ambiente\/wp-json\/wp\/v2\/categories?post=14512"},{"taxonomy":"post_tag","embeddable":true,"href":"https:\/\/www.ambienteyenergia.gob.ec\/ambiente\/wp-json\/wp\/v2\/tags?post=14512"}],"curies":[{"name":"wp","href":"https:\/\/api.w.org\/{rel}","templated":true}]}}