{"id":14501,"date":"2013-08-26T10:37:15","date_gmt":"2013-08-26T15:37:15","guid":{"rendered":"http:\/\/www.ambiente.gob.ec\/?p=14501"},"modified":"2013-08-26T11:23:26","modified_gmt":"2013-08-26T16:23:26","slug":"mae-rescato-a-una-cervicabra-en-bolivar","status":"publish","type":"post","link":"https:\/\/www.ambienteyenergia.gob.ec\/ambiente\/mae-rescato-a-una-cervicabra-en-bolivar\/","title":{"rendered":"MAE rescat\u00f3 a una cervicabra en Bol\u00edvar"},"content":{"rendered":"<p align=\"JUSTIFY\"><span style=\"color: #000000;\">El pasado 16 de agosto, en la comunidad de Chazo Juan de la parroquia Salinas, cant\u00f3n Guaranda, funcionarios de la Direcci\u00f3n provincial de Ambiente de Bol\u00edvar y miembros de la Unidad de Protecci\u00f3n de Medio Ambiente (UPMA) de la Polic\u00eda Nacional rescataron a una cervicabra juvenil, lastimada en una de sus patas, y la trasladaron al Centro de Manejo de Vida Silvestre Eco Zool\u00f3gico San Mart\u00edn (Ba\u00f1os de Agua Santa, provincia de Tungurahua). <\/span><\/p>\n<p align=\"JUSTIFY\"><span style=\"color: #000000;\">En el lugar, el ejemplar recibi\u00f3 atenci\u00f3n veterinaria para evaluar su estado de salud y posterior proceso de recuperaci\u00f3n. Su rescate se efectu\u00f3 de manera inmediata tras haber receptado una denuncia de moradores del sector.<\/span><\/p>\n<p align=\"JUSTIFY\"><span style=\"color: #000000;\">El Ministerio del Ambiente (MAE) continuar\u00e1 con los operativos de control y seguir\u00e1 informando a la ciudadan\u00eda sobre la prohibici\u00f3n de la tenencia de especies de vida silvestre. Esta Cartera de Estado invita a la poblaci\u00f3n a denunciar o comunicar la ubicaci\u00f3n de fauna silvestre al tel\u00e9fono 1 800 AMBIENTE, (2624-368) o al portal web <a href=\"http:\/\/soportesuia.ambiente.gob.ec\/otrs\/customer.pl\">MAE TRANSPARENTE.<\/a><\/span><\/p>\n<p align=\"JUSTIFY\"><a href=\"http:\/\/www.ambienteyenergia.gob.ec\/ambiente\/wp-content\/uploads\/2013\/08\/P1070336.jpg\"><img loading=\"lazy\" decoding=\"async\" class=\"aligncenter size-full wp-image-14502\" title=\"MAE rescat\u00f3 a una cervicabra en Bol\u00edvar\" src=\"http:\/\/www.ambienteyenergia.gob.ec\/ambiente\/wp-content\/uploads\/2013\/08\/P1070336.jpg\" alt=\"\" width=\"670\" height=\"503\" srcset=\"https:\/\/www.ambienteyenergia.gob.ec\/ambiente\/wp-content\/uploads\/sites\/2\/2013\/08\/P1070336.jpg 670w, https:\/\/www.ambienteyenergia.gob.ec\/ambiente\/wp-content\/uploads\/sites\/2\/2013\/08\/P1070336-300x225.jpg 300w, https:\/\/www.ambienteyenergia.gob.ec\/ambiente\/wp-content\/uploads\/sites\/2\/2013\/08\/P1070336-399x300.jpg 399w\" sizes=\"auto, (max-width: 670px) 100vw, 670px\" \/><\/a><\/p>\n","protected":false},"excerpt":{"rendered":"<p class=\"excerpt\">El pasado 16 de agosto, en la comunidad de Chazo Juan de la parroquia Salinas, cant\u00f3n Guaranda, funcionarios de la Direcci\u00f3n provincial de Ambiente de Bol\u00edvar y miembros de la Unidad de Protecci\u00f3n de Medio Ambiente (UPMA) de la Polic\u00eda Nacional rescataron a una cervicabra juvenil, lastimada en una de sus patas, y la trasladaron al Centro de Manejo de&hellip; <a href=\"https:\/\/www.ambienteyenergia.gob.ec\/ambiente\/mae-rescato-a-una-cervicabra-en-bolivar\/\">Read more &rarr;<\/a><\/p>\n","protected":false},"author":13,"featured_media":14503,"comment_status":"open","ping_status":"open","sticky":false,"template":"","format":"standard","meta":{"footnotes":""},"categories":[16,4],"tags":[],"class_list":["post-14501","post","type-post","status-publish","format-standard","has-post-thumbnail","hentry","category-comunicamos","category-noticias","xfolkentry"],"_links":{"self":[{"href":"https:\/\/www.ambienteyenergia.gob.ec\/ambiente\/wp-json\/wp\/v2\/posts\/14501","targetHints":{"allow":["GET"]}}],"collection":[{"href":"https:\/\/www.ambienteyenergia.gob.ec\/ambiente\/wp-json\/wp\/v2\/posts"}],"about":[{"href":"https:\/\/www.ambienteyenergia.gob.ec\/ambiente\/wp-json\/wp\/v2\/types\/post"}],"author":[{"embeddable":true,"href":"https:\/\/www.ambienteyenergia.gob.ec\/ambiente\/wp-json\/wp\/v2\/users\/13"}],"replies":[{"embeddable":true,"href":"https:\/\/www.ambienteyenergia.gob.ec\/ambiente\/wp-json\/wp\/v2\/comments?post=14501"}],"version-history":[{"count":0,"href":"https:\/\/www.ambienteyenergia.gob.ec\/ambiente\/wp-json\/wp\/v2\/posts\/14501\/revisions"}],"wp:featuredmedia":[{"embeddable":true,"href":"https:\/\/www.ambienteyenergia.gob.ec\/ambiente\/wp-json\/wp\/v2\/media\/14503"}],"wp:attachment":[{"href":"https:\/\/www.ambienteyenergia.gob.ec\/ambiente\/wp-json\/wp\/v2\/media?parent=14501"}],"wp:term":[{"taxonomy":"category","embeddable":true,"href":"https:\/\/www.ambienteyenergia.gob.ec\/ambiente\/wp-json\/wp\/v2\/categories?post=14501"},{"taxonomy":"post_tag","embeddable":true,"href":"https:\/\/www.ambienteyenergia.gob.ec\/ambiente\/wp-json\/wp\/v2\/tags?post=14501"}],"curies":[{"name":"wp","href":"https:\/\/api.w.org\/{rel}","templated":true}]}}