{"id":14496,"date":"2013-08-26T09:53:04","date_gmt":"2013-08-26T14:53:04","guid":{"rendered":"http:\/\/www.ambiente.gob.ec\/?p=14496"},"modified":"2013-08-26T09:53:04","modified_gmt":"2013-08-26T14:53:04","slug":"concluyo-la-primera-fase-de-ecotalleres-en-napo","status":"publish","type":"post","link":"https:\/\/www.ambienteyenergia.gob.ec\/ambiente\/concluyo-la-primera-fase-de-ecotalleres-en-napo\/","title":{"rendered":"Concluy\u00f3 la primera fase de ecotalleres en Napo"},"content":{"rendered":"<p style=\"text-align: justify;\">El Ministerio del Ambiente (MAE), el pasado 22 de agosto, entreg\u00f3 13 certificados a los participantes de la parroquia Sumaco, como parte de la primera fase del proyecto ecotalleres que se realiza en la provincia de Napo.\u00a0 Los nuevos promotores ambientales comunitarios ser\u00e1n los encargados de aplicar los conocimientos adquiridos en sus respectivas comunidades, para formular proyectos pr\u00e1cticos de prevenci\u00f3n, remediaci\u00f3n y mitigaci\u00f3n de los da\u00f1os ambientales y as\u00ed contribuir a la conservaci\u00f3n\u00a0 de un ambiente sano y libre de contaminaci\u00f3n.<\/p>\n<p style=\"text-align: justify;\">El MAE ejecuta el proyecto ecotalleres a nivel\u00a0 nacional, con el objetivo de capacitar en temas ambientales y formar promotores ambientales comunitarios, que se responsabilicen de formular proyectos ecol\u00f3gicos a ser ejecutados en la zona.<\/p>\n<p style=\"text-align: justify;\">Al evento asistieron autoridades del MAE, acreedores al certificado, presidentes de juntas parroquiales aleda\u00f1as como Borja y Cuyuja.<\/p>\n<p style=\"text-align: justify;\">Los ecotalleristas recibieron 80 horas de capacitaci\u00f3n en temas como\u00a0 promotor ambiental comunitario, biodiversidad, gesti\u00f3n ambiental, educaci\u00f3n ambiental comunitaria y problemas ambientales y aprobaron la evaluaci\u00f3n tomada por funcionarios de la Escuela Polit\u00e9cnica del Ej\u00e9rcito (ESPE).<\/p>\n<p style=\"text-align: justify;\">Las parroquias\u00a0 donde se iniciar\u00e1 la pr\u00f3xima fase del Ecotaller son parroquias de Cosanga y Jatun Sumaco, donde se espera tener\u00a0 la participaci\u00f3n de 30 interesados en ser parte de este proceso de educaci\u00f3n ambiental.<\/p>\n<p style=\"text-align: justify;\">Asimismo, para fin de a\u00f1o, se espera formar una red de promotores ambientales comunitarios de la provincia de Napo, los cuales se organicen\u00a0 y sean activos en\u00a0 el establecimiento de soluciones a los diversos problemas ambientales que enfrenta la provincia.<\/p>\n<div id='gallery-1' class='gallery galleryid-14496 gallery-columns-4 gallery-size-thumbnail'><dl class='gallery-item'>\n\t\t\t<dt class='gallery-icon landscape'>\n\t\t\t\t<a href='https:\/\/www.ambienteyenergia.gob.ec\/ambiente\/concluyo-la-primera-fase-de-ecotalleres-en-napo\/dsc02167\/'><img loading=\"lazy\" decoding=\"async\" width=\"150\" height=\"150\" src=\"https:\/\/www.ambienteyenergia.gob.ec\/ambiente\/wp-content\/uploads\/sites\/2\/2013\/08\/DSC02167-150x150.jpg\" class=\"attachment-thumbnail size-thumbnail\" alt=\"\" \/><\/a>\n\t\t\t<\/dt><\/dl><dl class='gallery-item'>\n\t\t\t<dt class='gallery-icon landscape'>\n\t\t\t\t<a href='https:\/\/www.ambienteyenergia.gob.ec\/ambiente\/concluyo-la-primera-fase-de-ecotalleres-en-napo\/dsc02187\/'><img loading=\"lazy\" decoding=\"async\" width=\"150\" height=\"150\" src=\"https:\/\/www.ambienteyenergia.gob.ec\/ambiente\/wp-content\/uploads\/sites\/2\/2013\/08\/DSC02187-150x150.jpg\" class=\"attachment-thumbnail size-thumbnail\" alt=\"\" \/><\/a>\n\t\t\t<\/dt><\/dl><dl class='gallery-item'>\n\t\t\t<dt class='gallery-icon landscape'>\n\t\t\t\t<a href='https:\/\/www.ambienteyenergia.gob.ec\/ambiente\/concluyo-la-primera-fase-de-ecotalleres-en-napo\/dsc02201\/'><img loading=\"lazy\" decoding=\"async\" width=\"150\" height=\"150\" src=\"https:\/\/www.ambienteyenergia.gob.ec\/ambiente\/wp-content\/uploads\/sites\/2\/2013\/08\/DSC02201-150x150.jpg\" class=\"attachment-thumbnail size-thumbnail\" alt=\"\" \/><\/a>\n\t\t\t<\/dt><\/dl>\n\t\t\t<br style='clear: both' \/>\n\t\t<\/div>\n\n","protected":false},"excerpt":{"rendered":"<p class=\"excerpt\">El Ministerio del Ambiente (MAE), el pasado 22 de agosto, entreg\u00f3 13 certificados a los participantes de la parroquia Sumaco, como parte de la primera fase del proyecto ecotalleres que se realiza en la provincia de Napo.\u00a0 Los nuevos promotores ambientales comunitarios ser\u00e1n los encargados de aplicar los conocimientos adquiridos en sus respectivas comunidades, para formular proyectos pr\u00e1cticos de prevenci\u00f3n,&hellip; <a href=\"https:\/\/www.ambienteyenergia.gob.ec\/ambiente\/concluyo-la-primera-fase-de-ecotalleres-en-napo\/\">Read more &rarr;<\/a><\/p>\n","protected":false},"author":13,"featured_media":14497,"comment_status":"open","ping_status":"open","sticky":false,"template":"","format":"standard","meta":{"footnotes":""},"categories":[16,4],"tags":[],"class_list":["post-14496","post","type-post","status-publish","format-standard","has-post-thumbnail","hentry","category-comunicamos","category-noticias","xfolkentry"],"_links":{"self":[{"href":"https:\/\/www.ambienteyenergia.gob.ec\/ambiente\/wp-json\/wp\/v2\/posts\/14496","targetHints":{"allow":["GET"]}}],"collection":[{"href":"https:\/\/www.ambienteyenergia.gob.ec\/ambiente\/wp-json\/wp\/v2\/posts"}],"about":[{"href":"https:\/\/www.ambienteyenergia.gob.ec\/ambiente\/wp-json\/wp\/v2\/types\/post"}],"author":[{"embeddable":true,"href":"https:\/\/www.ambienteyenergia.gob.ec\/ambiente\/wp-json\/wp\/v2\/users\/13"}],"replies":[{"embeddable":true,"href":"https:\/\/www.ambienteyenergia.gob.ec\/ambiente\/wp-json\/wp\/v2\/comments?post=14496"}],"version-history":[{"count":0,"href":"https:\/\/www.ambienteyenergia.gob.ec\/ambiente\/wp-json\/wp\/v2\/posts\/14496\/revisions"}],"wp:featuredmedia":[{"embeddable":true,"href":"https:\/\/www.ambienteyenergia.gob.ec\/ambiente\/wp-json\/wp\/v2\/media\/14497"}],"wp:attachment":[{"href":"https:\/\/www.ambienteyenergia.gob.ec\/ambiente\/wp-json\/wp\/v2\/media?parent=14496"}],"wp:term":[{"taxonomy":"category","embeddable":true,"href":"https:\/\/www.ambienteyenergia.gob.ec\/ambiente\/wp-json\/wp\/v2\/categories?post=14496"},{"taxonomy":"post_tag","embeddable":true,"href":"https:\/\/www.ambienteyenergia.gob.ec\/ambiente\/wp-json\/wp\/v2\/tags?post=14496"}],"curies":[{"name":"wp","href":"https:\/\/api.w.org\/{rel}","templated":true}]}}