{"id":14487,"date":"2013-08-24T13:13:51","date_gmt":"2013-08-24T18:13:51","guid":{"rendered":"http:\/\/www.ambiente.gob.ec\/?p=14487"},"modified":"2013-08-24T13:13:51","modified_gmt":"2013-08-24T18:13:51","slug":"mae-presenta-denuncia-penal-por-derrame-en-la-mina-barranco-colorado","status":"publish","type":"post","link":"https:\/\/www.ambienteyenergia.gob.ec\/ambiente\/mae-presenta-denuncia-penal-por-derrame-en-la-mina-barranco-colorado\/","title":{"rendered":"MAE presenta denuncia penal por derrame en la mina Barranco Colorado"},"content":{"rendered":"<p style=\"text-align: justify;\">El Ministerio del Ambiente (MAE) en Azuay present\u00f3 una denuncia penal en la Fiscal\u00eda de Ponce Enr\u00edquez, tras el derrame de una relavera de la mina Barranco Colorado, a cargo de la empresa Portugalia S.A, en Shumiral. Adicionalmente, personal especializado del Programa de Reparaci\u00f3n Ambiental y Social (PRAS) y de la Direcci\u00f3n Provincial del Azuay y hoy iran a verificar el estado del dique y del r\u00edo Tenguel.<\/p>\n<p style=\"text-align: justify;\">El incidente ocurri\u00f3 la tarde del martes 13 de agosto, desde ese mismo d\u00eda el Ministerio del Ambiente activ\u00f3 su personal t\u00e9cnico para verificar la magnitud del deslizamiento. En la inspecci\u00f3n se determin\u00f3 que el colapso de la pared lateral de la piscina hizo que el material vaya al r\u00edo Chico, dispers\u00e1ndose r\u00edo abajo. Una de las acciones inmediatas que se tomaron fue desviar el cauce del r\u00edo para evitar que el material presuntamente cianurado sea arrastrado por \u00e9ste. Con la finalidad de mantener el material en una sola zona, adem\u00e1s, se orden\u00f3 construir un dique entre los terrenos afectados y el ubicado al frente.<\/p>\n<p style=\"text-align: justify;\">El MAE indic\u00f3 a moradores de varias comunidades, entre ellas la de San Rafael, Parroquia Tenguel, Provincia del Guayas, que tomen las precauciones debidas tales como evitar el uso del agua de r\u00edo para actividades agr\u00edcolas y de consumo humano, en vista que no se conoce el contenido de la misma. Ese trabajo de informaci\u00f3n ha sido permanente.<\/p>\n<p style=\"text-align: justify;\">El 7 de marzo de 2013, el Director Provincial inform\u00f3 a trav\u00e9s de un documento oficial al Ministerio de Recursos Naturales no Renovables que la estabilidad de dicha relavera estaba en riesgo. Adem\u00e1s, en el mencionado informe se especifica que la minera donde se produjo el siniestro no contaba con la licencia ambiental ni con estudios de impacto ambiental. El Ministerio del Ambiente espera que la Fiscal\u00eda act\u00fae con celeridad en este proceso a fin de que el hecho sea investigado y se establezcan las sanciones por la contaminaci\u00f3n ambiental producida.<\/p>\n<p style=\"text-align: justify;\">El MAE tiene una oficina en la zona de Ponce Enr\u00edquez en donde hay dos funcionarios asignados a tiempo completo a la actividad minera de este cant\u00f3n as\u00ed como para Pucar\u00e1 y otras zonas mineras aleda\u00f1as. Estos funcionarios han acompa\u00f1ado este proceso desde el principio. En vista de que la minera no contaba con un plan de contingencia, el Ministerio del Ambiente elabor\u00f3 uno. Dentro de sus competencias, el MAE no puede detener una operaci\u00f3n minera, esta competencia es exclusiva del Ministerio de No Renovables y de la Agencia de Regulaci\u00f3n y Control Minero (ARCOM).<\/p>\n<p><a href=\"http:\/\/www.ambienteyenergia.gob.ec\/ambiente\/mae-actuo-en-incidente-en-planta-de-beneficio-del-area-minera-barranco-colorado-de-forma-inmediata\/\">MAE actu\u00f3 en incidente en Planta de Beneficio del \u00c1rea Minera Barranco Colorado de forma inmediata<\/a><\/p>\n<p>&nbsp;<\/p>\n<p style=\"text-align: justify;\">\n<p>&nbsp;<\/p>\n<p>&nbsp;<\/p>\n","protected":false},"excerpt":{"rendered":"<p class=\"excerpt\">El Ministerio del Ambiente (MAE) en Azuay present\u00f3 una denuncia penal en la Fiscal\u00eda de Ponce Enr\u00edquez, tras el derrame de una relavera de la mina Barranco Colorado, a cargo de la empresa Portugalia S.A, en Shumiral. Adicionalmente, personal especializado del Programa de Reparaci\u00f3n Ambiental y Social (PRAS) y de la Direcci\u00f3n Provincial del Azuay y hoy iran a verificar&hellip; <a href=\"https:\/\/www.ambienteyenergia.gob.ec\/ambiente\/mae-presenta-denuncia-penal-por-derrame-en-la-mina-barranco-colorado\/\">Read more &rarr;<\/a><\/p>\n","protected":false},"author":13,"featured_media":14488,"comment_status":"open","ping_status":"open","sticky":false,"template":"","format":"standard","meta":{"footnotes":""},"categories":[16,4],"tags":[],"class_list":["post-14487","post","type-post","status-publish","format-standard","has-post-thumbnail","hentry","category-comunicamos","category-noticias","xfolkentry"],"_links":{"self":[{"href":"https:\/\/www.ambienteyenergia.gob.ec\/ambiente\/wp-json\/wp\/v2\/posts\/14487","targetHints":{"allow":["GET"]}}],"collection":[{"href":"https:\/\/www.ambienteyenergia.gob.ec\/ambiente\/wp-json\/wp\/v2\/posts"}],"about":[{"href":"https:\/\/www.ambienteyenergia.gob.ec\/ambiente\/wp-json\/wp\/v2\/types\/post"}],"author":[{"embeddable":true,"href":"https:\/\/www.ambienteyenergia.gob.ec\/ambiente\/wp-json\/wp\/v2\/users\/13"}],"replies":[{"embeddable":true,"href":"https:\/\/www.ambienteyenergia.gob.ec\/ambiente\/wp-json\/wp\/v2\/comments?post=14487"}],"version-history":[{"count":0,"href":"https:\/\/www.ambienteyenergia.gob.ec\/ambiente\/wp-json\/wp\/v2\/posts\/14487\/revisions"}],"wp:featuredmedia":[{"embeddable":true,"href":"https:\/\/www.ambienteyenergia.gob.ec\/ambiente\/wp-json\/wp\/v2\/media\/14488"}],"wp:attachment":[{"href":"https:\/\/www.ambienteyenergia.gob.ec\/ambiente\/wp-json\/wp\/v2\/media?parent=14487"}],"wp:term":[{"taxonomy":"category","embeddable":true,"href":"https:\/\/www.ambienteyenergia.gob.ec\/ambiente\/wp-json\/wp\/v2\/categories?post=14487"},{"taxonomy":"post_tag","embeddable":true,"href":"https:\/\/www.ambienteyenergia.gob.ec\/ambiente\/wp-json\/wp\/v2\/tags?post=14487"}],"curies":[{"name":"wp","href":"https:\/\/api.w.org\/{rel}","templated":true}]}}