{"id":14481,"date":"2013-08-23T19:30:55","date_gmt":"2013-08-24T00:30:55","guid":{"rendered":"http:\/\/www.ambiente.gob.ec\/?p=14481"},"modified":"2013-08-23T19:30:55","modified_gmt":"2013-08-24T00:30:55","slug":"sala-de-lo-penal-colusorio-y-transito-acepta-recurso-de-nulidad-en-caso-dirk-bender","status":"publish","type":"post","link":"https:\/\/www.ambienteyenergia.gob.ec\/ambiente\/sala-de-lo-penal-colusorio-y-transito-acepta-recurso-de-nulidad-en-caso-dirk-bender\/","title":{"rendered":"SALA DE LO PENAL COLUSORIO Y TR\u00c1NSITO ACEPTA RECURSO DE NULIDAD EN CASO DIRK BENDER"},"content":{"rendered":"<p style=\"text-align: justify;\"><strong><em>La Direcci\u00f3n del Parque Nacional Gal\u00e1pagos del Ministerio del Ambiente, como autoridad ambiental en el archipi\u00e9lago, est\u00e1 tomando las medidas necesarias para que este delito ambiental no quede sin sanci\u00f3n.<\/em><\/strong><\/p>\n<p style=\"text-align: justify;\">Ayer, en la Primera Sala de lo Penal Colusorio y Tr\u00e1nsito del Guayas, se realiz\u00f3 la audiencia sobre el recurso de nulidad solicitado en febrero de este a\u00f1o, por el ciudadano alem\u00e1n Dirk Bender, luego de que fuera sentenciado a 4 a\u00f1os de prisi\u00f3n por un delito en contra del medio ambiente, al intentar extraer sin autorizaci\u00f3n cuatro iguanas terrestres (Conolophus subcristatus), especies en peligro de extinci\u00f3n, en julio del a\u00f1o pasado.<\/p>\n<p style=\"text-align: justify;\">Una vez instalada la audiencia se procedi\u00f3 a tratar el recurso de nulidad, mismo que fue aceptado por los conjueces Ginger Mendoza, Guillermo Freire y Edith Mantilla, por considerar que se viol\u00f3 el art\u00edculo 278 del C\u00f3digo de Procedimiento Penal que indica \u00abel presidente no podr\u00e1 instalar la audiencia si no estuvieran presentes, adem\u00e1s de las personas indicadas en el art\u00edculo anterior, el ofendido, los testigos, peritos e int\u00e9rpretes que hubieran sido notificados para que se presentes a dicha audiencia, cuya presencia considere indispensable el Tribunal de Garant\u00edas Penales. (&#8230;)\u00bb.<\/p>\n<p style=\"text-align: justify;\">La defensa aleg\u00f3 que durante la audiencia de juzgamiento no estuvieron presentes testigos, anulando lo actuado, lo que fue aceptado por los conjueces. Ante esta decisi\u00f3n, el recurso de apelaci\u00f3n tambi\u00e9n planteado por el implicado qued\u00f3 improcedente.<\/p>\n<p style=\"text-align: justify;\">Para el Ministerio del Ambiente es preocupante la decisi\u00f3n adoptada por la Primera Sala de lo Penal Colusorio y Tr\u00e1nsito del Guayas en un caso que ha sido considerado hito en cuanto a la aplicaci\u00f3n de justicia en defensa de los derechos de la naturaleza, consagrados en la Constituci\u00f3n de la Rep\u00fablica.<\/p>\n<p style=\"text-align: justify;\">La Direcci\u00f3n Nacional del Parque Gal\u00e1pagos se mantiene vigilante y se prepara para la pr\u00f3xima audiencia de juzgamiento que debe ser establecida ante un nuevo tribunal. Adicionalmente, adoptar\u00e1 todas las medidas necesarias para impedir que la acci\u00f3n cometida por el ciudadano alem\u00e1n, quien ingres\u00f3 a las islas Gal\u00e1pagos en calidad de turistas, quede en la impunidad.<\/p>\n<p style=\"text-align: justify;\">Las 4 iguanas encontradas en el equipaje de Bender, el 8 de julio de 2012, mientras se intentaba trasladar al Ecuador Continental, son de la especie Conoluphus subcristatus y est\u00e1n dentro de la categor\u00eda vulnerable de la UICN (Uni\u00f3n Internacional para la Conservaci\u00f3n de la Naturaleza y Recursos Naturales), debido a una importante disminuci\u00f3n o fragmentaci\u00f3n de la poblaci\u00f3n. Tambi\u00e9n est\u00e1n dentro del ap\u00e9ndice II del CITES (Convenio sobre el Comercio Internacional de Especies Amenazadas de Flora y Fauna Silvestre), en el que figuran las especies no amenazadas actualmente, pero de seguir este ritmo podr\u00edan serlo en breve. En 1975 Ecuador ratific\u00f3 este convenio suscrito por m\u00e1s de 160 pa\u00edses. Solo en Gal\u00e1pagos habitan 37 especies incluidas en los ap\u00e9ndices CITES.<\/p>\n<p style=\"text-align: justify;\">Gal\u00e1pagos es considerado un laboratorio viviente; inspiraci\u00f3n para que el naturalista ingl\u00e9s Charles Darwin desarrolle la famosa teor\u00eda de la evoluci\u00f3n de las especies. Es Patrimonio Natural de la Humanidad y Reserva de Bi\u00f3sfera, entre otras categor\u00edas. Las acciones de conservaci\u00f3n y restauraci\u00f3n implementadas por el Estado Ecuatoriano, lo han convertido en el archipi\u00e9lago volc\u00e1nico mejor conservador del mundo.<\/p>\n","protected":false},"excerpt":{"rendered":"<p class=\"excerpt\">La Direcci\u00f3n del Parque Nacional Gal\u00e1pagos del Ministerio del Ambiente, como autoridad ambiental en el archipi\u00e9lago, est\u00e1 tomando las medidas necesarias para que este delito ambiental no quede sin sanci\u00f3n. Ayer, en la Primera Sala de lo Penal Colusorio y Tr\u00e1nsito del Guayas, se realiz\u00f3 la audiencia sobre el recurso de nulidad solicitado en febrero de este a\u00f1o, por el&hellip; <a href=\"https:\/\/www.ambienteyenergia.gob.ec\/ambiente\/sala-de-lo-penal-colusorio-y-transito-acepta-recurso-de-nulidad-en-caso-dirk-bender\/\">Read more &rarr;<\/a><\/p>\n","protected":false},"author":13,"featured_media":14376,"comment_status":"open","ping_status":"open","sticky":false,"template":"","format":"standard","meta":{"footnotes":""},"categories":[16,4],"tags":[],"class_list":["post-14481","post","type-post","status-publish","format-standard","has-post-thumbnail","hentry","category-comunicamos","category-noticias","xfolkentry"],"_links":{"self":[{"href":"https:\/\/www.ambienteyenergia.gob.ec\/ambiente\/wp-json\/wp\/v2\/posts\/14481","targetHints":{"allow":["GET"]}}],"collection":[{"href":"https:\/\/www.ambienteyenergia.gob.ec\/ambiente\/wp-json\/wp\/v2\/posts"}],"about":[{"href":"https:\/\/www.ambienteyenergia.gob.ec\/ambiente\/wp-json\/wp\/v2\/types\/post"}],"author":[{"embeddable":true,"href":"https:\/\/www.ambienteyenergia.gob.ec\/ambiente\/wp-json\/wp\/v2\/users\/13"}],"replies":[{"embeddable":true,"href":"https:\/\/www.ambienteyenergia.gob.ec\/ambiente\/wp-json\/wp\/v2\/comments?post=14481"}],"version-history":[{"count":0,"href":"https:\/\/www.ambienteyenergia.gob.ec\/ambiente\/wp-json\/wp\/v2\/posts\/14481\/revisions"}],"wp:featuredmedia":[{"embeddable":true,"href":"https:\/\/www.ambienteyenergia.gob.ec\/ambiente\/wp-json\/wp\/v2\/media\/14376"}],"wp:attachment":[{"href":"https:\/\/www.ambienteyenergia.gob.ec\/ambiente\/wp-json\/wp\/v2\/media?parent=14481"}],"wp:term":[{"taxonomy":"category","embeddable":true,"href":"https:\/\/www.ambienteyenergia.gob.ec\/ambiente\/wp-json\/wp\/v2\/categories?post=14481"},{"taxonomy":"post_tag","embeddable":true,"href":"https:\/\/www.ambienteyenergia.gob.ec\/ambiente\/wp-json\/wp\/v2\/tags?post=14481"}],"curies":[{"name":"wp","href":"https:\/\/api.w.org\/{rel}","templated":true}]}}