{"id":14469,"date":"2013-08-23T15:57:46","date_gmt":"2013-08-23T20:57:46","guid":{"rendered":"http:\/\/www.ambiente.gob.ec\/?p=14469"},"modified":"2013-08-23T16:03:45","modified_gmt":"2013-08-23T21:03:45","slug":"los-derechos-de-la-naturaleza-son-ejes-prioritarios-en-el-plan-nacional-del-buen-vivir-2013-2017","status":"publish","type":"post","link":"https:\/\/www.ambienteyenergia.gob.ec\/ambiente\/los-derechos-de-la-naturaleza-son-ejes-prioritarios-en-el-plan-nacional-del-buen-vivir-2013-2017\/","title":{"rendered":"Los derechos de la naturaleza son ejes prioritarios en el Plan Nacional del Buen Vivir 2013-2017"},"content":{"rendered":"<p style=\"text-align: justify;\">Ayer, la Secretar\u00eda Nacional de Planificaci\u00f3n y Desarrollo (Senplades) present\u00f3 oficialmente el Plan Nacional para el Buen Vivir (PNBV) 2013-2017 con el objetivo de plasmar en este documento la transformaci\u00f3n hist\u00f3rica que ha tenido el Ecuador, a partir del modelo del Sumak Kawsay.<\/p>\n<p style=\"text-align: justify;\">Garantizar los derechos de la naturaleza y promover la sostenibilidad ambiental, territorial y global es uno de los objetivos que contempla el Plan Nacional del Buen Vivir. Esto en el marco de la actual Constituci\u00f3n del Ecuador, en la que se establece que la naturaleza es sujeto de derechos.<\/p>\n<p style=\"text-align: justify;\">El Ecuador es uno de los pa\u00edses m\u00e1s biodiversos del mundo y, por ello, resulta fundamental aprovechar sus recursos de manera adecuada, mediante su conservaci\u00f3n y uso sostenible, eso es lo que plantea el documento emitido por Senplades.<\/p>\n<p style=\"text-align: justify;\">Esta propuesta se enmarca en la gesti\u00f3n del gobierno por cumplir los derechos del Buen vivir o Sumak Kawsay, que dentro de sus prioridades resalta la a convivencia arm\u00f3nica con la naturaleza, para esto se apuesta a una Revoluci\u00f3n Ecol\u00f3gica que plantea la transformaci\u00f3n productiva bajo un modelo ecoeficiente con mayor valor econ\u00f3mico, social y ambiental.<\/p>\n<p style=\"text-align: justify;\">El vicepresidente de la Rep\u00fablica, Jorge Glas, en el evento cit\u00f3 el tercer eje del Plan que es la transformaci\u00f3n de la matriz productiva. \u201cEnerg\u00eda Renovable y Limpia es el futuro cercano del pa\u00eds. Hacia la nueva Matriz Energ\u00e9tica\u201d, expres\u00f3. Tambi\u00e9n expres\u00f3 que el Plan es una carta de navegaci\u00f3n que permite ordenar y priorizar la inversi\u00f3n p\u00fablica, pensando en los territorios y en miras de la erradicaci\u00f3n de la pobreza. \u201cSe trata de un instrumento vivo, flexible y din\u00e1mico que eval\u00faa la gesti\u00f3n p\u00fablica\u201d, dijo.<\/p>\n<p style=\"text-align: justify;\">En este sentido, se plantean como prioridades la conservaci\u00f3n y el uso sostenible de los recursos naturales, la inserci\u00f3n de tecnolog\u00edas ambientalmente limpias, aplicaci\u00f3n de la eficiencia energ\u00e9tica y una mayor participaci\u00f3n de energ\u00edas renovables.<\/p>\n<p style=\"text-align: justify;\">Asimismo, busca prevenir controlar y mitigar la contaminaci\u00f3n ambiental en los procesos de extracci\u00f3n, producci\u00f3n, consumo y posconsumo\u00a0 .<\/p>\n<p style=\"text-align: justify;\">\n<p style=\"text-align: justify;\">\n","protected":false},"excerpt":{"rendered":"<p class=\"excerpt\">Ayer, la Secretar\u00eda Nacional de Planificaci\u00f3n y Desarrollo (Senplades) present\u00f3 oficialmente el Plan Nacional para el Buen Vivir (PNBV) 2013-2017 con el objetivo de plasmar en este documento la transformaci\u00f3n hist\u00f3rica que ha tenido el Ecuador, a partir del modelo del Sumak Kawsay. Garantizar los derechos de la naturaleza y promover la sostenibilidad ambiental, territorial y global es uno de&hellip; <a href=\"https:\/\/www.ambienteyenergia.gob.ec\/ambiente\/los-derechos-de-la-naturaleza-son-ejes-prioritarios-en-el-plan-nacional-del-buen-vivir-2013-2017\/\">Read more &rarr;<\/a><\/p>\n","protected":false},"author":13,"featured_media":14473,"comment_status":"open","ping_status":"open","sticky":false,"template":"","format":"standard","meta":{"footnotes":""},"categories":[16,4],"tags":[],"class_list":["post-14469","post","type-post","status-publish","format-standard","has-post-thumbnail","hentry","category-comunicamos","category-noticias","xfolkentry"],"_links":{"self":[{"href":"https:\/\/www.ambienteyenergia.gob.ec\/ambiente\/wp-json\/wp\/v2\/posts\/14469","targetHints":{"allow":["GET"]}}],"collection":[{"href":"https:\/\/www.ambienteyenergia.gob.ec\/ambiente\/wp-json\/wp\/v2\/posts"}],"about":[{"href":"https:\/\/www.ambienteyenergia.gob.ec\/ambiente\/wp-json\/wp\/v2\/types\/post"}],"author":[{"embeddable":true,"href":"https:\/\/www.ambienteyenergia.gob.ec\/ambiente\/wp-json\/wp\/v2\/users\/13"}],"replies":[{"embeddable":true,"href":"https:\/\/www.ambienteyenergia.gob.ec\/ambiente\/wp-json\/wp\/v2\/comments?post=14469"}],"version-history":[{"count":0,"href":"https:\/\/www.ambienteyenergia.gob.ec\/ambiente\/wp-json\/wp\/v2\/posts\/14469\/revisions"}],"wp:featuredmedia":[{"embeddable":true,"href":"https:\/\/www.ambienteyenergia.gob.ec\/ambiente\/wp-json\/wp\/v2\/media\/14473"}],"wp:attachment":[{"href":"https:\/\/www.ambienteyenergia.gob.ec\/ambiente\/wp-json\/wp\/v2\/media?parent=14469"}],"wp:term":[{"taxonomy":"category","embeddable":true,"href":"https:\/\/www.ambienteyenergia.gob.ec\/ambiente\/wp-json\/wp\/v2\/categories?post=14469"},{"taxonomy":"post_tag","embeddable":true,"href":"https:\/\/www.ambienteyenergia.gob.ec\/ambiente\/wp-json\/wp\/v2\/tags?post=14469"}],"curies":[{"name":"wp","href":"https:\/\/api.w.org\/{rel}","templated":true}]}}