{"id":14463,"date":"2013-08-23T11:01:37","date_gmt":"2013-08-23T16:01:37","guid":{"rendered":"http:\/\/www.ambiente.gob.ec\/?p=14463"},"modified":"2013-08-23T11:07:13","modified_gmt":"2013-08-23T16:07:13","slug":"37-promotores-ambientales-se-incorporaran-en-manabi","status":"publish","type":"post","link":"https:\/\/www.ambienteyenergia.gob.ec\/ambiente\/37-promotores-ambientales-se-incorporaran-en-manabi\/","title":{"rendered":"37 promotores ambientales se incorporar\u00e1n en Manab\u00ed"},"content":{"rendered":"<p style=\"text-align: justify;\">El pr\u00f3ximo martes 27 de agosto, est\u00e1 prevista la culminaci\u00f3n de la primera fase del Ecotaller dictado por el Ministerio del Ambiente (MAE), en el evento se incorporar\u00e1n 37 promotores ambientales comunitarios de la parroquia Salango del cant\u00f3n Puerto L\u00f3pez, provincia de Manab\u00ed.<\/p>\n<p style=\"text-align: justify;\">\u00c1ngelo Traverso, coordinador zonal del MAE, inform\u00f3 que el proceso de formaci\u00f3n de los promotores ambientales,\u00a0 tuvo una duraci\u00f3n de 80 horas clases, quienes desde ahora forman parte de facilitadores que se involucran en el proceso de cambio\u00a0 de la parroquia. La capacitaci\u00f3n, adem\u00e1s, estuvo coordinada con el Concejo Nacional de Gobiernos Parroquiales Rurales del Ecuador (CONAGOPARE) y la Escuela Superior Polit\u00e9cnica del Ejercito (ESPE).<\/p>\n<p style=\"text-align: justify;\">El funcionario destac\u00f3 que los Ecotalleres tienen como escenario de acci\u00f3n a las parroquias rurales del pa\u00eds y como protagonistas a los l\u00edderes ambientales que viven en esas zonas, pues ellos son los primeros en enfrentar los problemas que suceden cerca de sus viviendas y dificultades socioambientales que tienen impacto en la salud, alimentaci\u00f3n, actividades productivas y en definitiva en la calidad de vida de las comunidades.<\/p>\n<p style=\"text-align: justify;\">\u201cEl \u00a0verdadero reto est\u00e1 en manos de los l\u00edderes quienes luego de interpretar las caracter\u00edsticas del contexto en el que interact\u00faan, basados en su realidad, tendr\u00e1n que aplicar los instrumentos para emprender ejercicios pr\u00e1cticos de prevenci\u00f3n, remediaci\u00f3n y mitigaci\u00f3n de los da\u00f1os ambientales, as\u00ed como la preservaci\u00f3n de la naturaleza\u201d, enfatiz\u00f3 Traverso.<\/p>\n<p style=\"text-align: justify;\">Marcos Pincay, habitante de la parroquia expres\u00f3 que la capacitaci\u00f3n que recibieron de parte del MAE, les va a ser de mucha ayuda. \u201cDesde ahora trabajaremos en nuestras casas con sus familiares en los problemas socioambientales\u201d, dijo.<\/p>\n<p style=\"text-align: justify;\"><a href=\"http:\/\/www.ambienteyenergia.gob.ec\/ambiente\/wp-content\/uploads\/2013\/08\/Ecotalleres-de-Salango.jpg\"><img loading=\"lazy\" decoding=\"async\" class=\"aligncenter size-full wp-image-14467\" title=\"Ecotalleres-de-Salango\" src=\"http:\/\/www.ambienteyenergia.gob.ec\/ambiente\/wp-content\/uploads\/2013\/08\/Ecotalleres-de-Salango.jpg\" alt=\"\" width=\"650\" height=\"434\" srcset=\"https:\/\/www.ambienteyenergia.gob.ec\/ambiente\/wp-content\/uploads\/sites\/2\/2013\/08\/Ecotalleres-de-Salango.jpg 650w, https:\/\/www.ambienteyenergia.gob.ec\/ambiente\/wp-content\/uploads\/sites\/2\/2013\/08\/Ecotalleres-de-Salango-300x200.jpg 300w, https:\/\/www.ambienteyenergia.gob.ec\/ambiente\/wp-content\/uploads\/sites\/2\/2013\/08\/Ecotalleres-de-Salango-449x300.jpg 449w\" sizes=\"auto, (max-width: 650px) 100vw, 650px\" \/><\/a><\/p>\n","protected":false},"excerpt":{"rendered":"<p class=\"excerpt\">El pr\u00f3ximo martes 27 de agosto, est\u00e1 prevista la culminaci\u00f3n de la primera fase del Ecotaller dictado por el Ministerio del Ambiente (MAE), en el evento se incorporar\u00e1n 37 promotores ambientales comunitarios de la parroquia Salango del cant\u00f3n Puerto L\u00f3pez, provincia de Manab\u00ed. \u00c1ngelo Traverso, coordinador zonal del MAE, inform\u00f3 que el proceso de formaci\u00f3n de los promotores ambientales,\u00a0 tuvo&hellip; <a href=\"https:\/\/www.ambienteyenergia.gob.ec\/ambiente\/37-promotores-ambientales-se-incorporaran-en-manabi\/\">Read more &rarr;<\/a><\/p>\n","protected":false},"author":13,"featured_media":14464,"comment_status":"open","ping_status":"open","sticky":false,"template":"","format":"standard","meta":{"footnotes":""},"categories":[16,4],"tags":[],"class_list":["post-14463","post","type-post","status-publish","format-standard","has-post-thumbnail","hentry","category-comunicamos","category-noticias","xfolkentry"],"_links":{"self":[{"href":"https:\/\/www.ambienteyenergia.gob.ec\/ambiente\/wp-json\/wp\/v2\/posts\/14463","targetHints":{"allow":["GET"]}}],"collection":[{"href":"https:\/\/www.ambienteyenergia.gob.ec\/ambiente\/wp-json\/wp\/v2\/posts"}],"about":[{"href":"https:\/\/www.ambienteyenergia.gob.ec\/ambiente\/wp-json\/wp\/v2\/types\/post"}],"author":[{"embeddable":true,"href":"https:\/\/www.ambienteyenergia.gob.ec\/ambiente\/wp-json\/wp\/v2\/users\/13"}],"replies":[{"embeddable":true,"href":"https:\/\/www.ambienteyenergia.gob.ec\/ambiente\/wp-json\/wp\/v2\/comments?post=14463"}],"version-history":[{"count":0,"href":"https:\/\/www.ambienteyenergia.gob.ec\/ambiente\/wp-json\/wp\/v2\/posts\/14463\/revisions"}],"wp:featuredmedia":[{"embeddable":true,"href":"https:\/\/www.ambienteyenergia.gob.ec\/ambiente\/wp-json\/wp\/v2\/media\/14464"}],"wp:attachment":[{"href":"https:\/\/www.ambienteyenergia.gob.ec\/ambiente\/wp-json\/wp\/v2\/media?parent=14463"}],"wp:term":[{"taxonomy":"category","embeddable":true,"href":"https:\/\/www.ambienteyenergia.gob.ec\/ambiente\/wp-json\/wp\/v2\/categories?post=14463"},{"taxonomy":"post_tag","embeddable":true,"href":"https:\/\/www.ambienteyenergia.gob.ec\/ambiente\/wp-json\/wp\/v2\/tags?post=14463"}],"curies":[{"name":"wp","href":"https:\/\/api.w.org\/{rel}","templated":true}]}}