{"id":14446,"date":"2013-08-22T15:50:56","date_gmt":"2013-08-22T20:50:56","guid":{"rendered":"http:\/\/www.ambiente.gob.ec\/?p=14446"},"modified":"2013-08-22T16:35:03","modified_gmt":"2013-08-22T21:35:03","slug":"las-comunidades-amazonicas-son-nuestros-principales-monitores-ambientales-ministra-lorena-tapia","status":"publish","type":"post","link":"https:\/\/www.ambienteyenergia.gob.ec\/ambiente\/las-comunidades-amazonicas-son-nuestros-principales-monitores-ambientales-ministra-lorena-tapia\/","title":{"rendered":"MAE  realizar\u00e1 planes de monitoreo constante  y un control ambiental diario en el Bloque 43"},"content":{"rendered":"<p style=\"text-align: justify;\">La Ministra del Ambiente, Lorena Tapia, reafirm\u00f3 esta ma\u00f1ana en una entrevista para el Ciudadano TV, que su compromiso como m\u00e1xima autoridad ambiental es la eficiente aplicaci\u00f3n de las normativas nacionales y par\u00e1mentros internacionales que permitan un exigente control y fiscalizaci\u00f3n frente a la posibilidad del inicio de la actividad petrolera en el Bloque 43.<\/p>\n<p style=\"text-align: justify;\">Debido a la sensibilidad del \u00e1rea en la que se va a operar, esta Cartera de Estado conformar\u00e1 un equipo multidisciplinario que se instalar\u00e1 en el Parque Nacional Yasun\u00ed, a fin de ejercer diariamente el control y seguimiento ambiental, adem\u00e1s, se reforzar\u00e1 las capacidades operativas de la Direcci\u00f3n Provincial de Orellana para todas aquellas actividades de apoyo, control automatizado de informaci\u00f3n documental, as\u00ed como de la implementaci\u00f3n de estaciones y planes de monitoreo que sean necesarias.<\/p>\n<p style=\"text-align: justify;\">Para el caso espec\u00edfico de las \u00c1reas Naturales Protegidas, como el Yasun\u00ed, donde existe actividad hidrocarbur\u00edfera desde los inicios de los a\u00f1os sesenta, y cuyas licencias ambientales est\u00e1n vigentes antes de la emisi\u00f3n de la Constituci\u00f3n Pol\u00edtica, el control se realiza de manera m\u00e1s rigurosa a trav\u00e9s de un <strong>C\u00f3digo de Conducta<\/strong> que fue creado para las empresas que operan en \u00e1reas de alta sensibilidad socio-ambiental, y de\u00a0 la Constituci\u00f3n del Ecuador y de convenios internacionales.<\/p>\n<p style=\"text-align: justify;\">Asimismo, manifest\u00f3 que los \u201cmejores aliados estrat\u00e9gicos\u201d para ejercer el control dentro de la zona del Yasun\u00ed son las comunidades amaz\u00f3nicas que est\u00e1n empoderadas y comprometidas con el monitoreo ambiental. \u201cPor ejemplo, en las Playas del Cuyabeno la comunidad tiene un rol fundamental porque nos ayuda a monitorear c\u00f3mo se comportan los recursos\u201d. \u00a0Cabe destacar que en el sector existe un principio de desarrollo de prevenci\u00f3n, de educaci\u00f3n ambiental \u00a0que se genera desde la participaci\u00f3n de quienes habitan en el sitio, lo que conduce a un fortalecimiento en la fiscalizaci\u00f3n de los recursos.<\/p>\n<p style=\"text-align: justify;\"><strong>El ejemplo en Pa\u00f1acocha. <\/strong><\/p>\n<p style=\"text-align: justify;\">La Ministra Lorena Tapia se refiri\u00f3 tambi\u00e9n a las actividades de explotaci\u00f3n de petr\u00f3leo en Pa\u00f1acocha como un caso exitoso de extracci\u00f3n responsable. \u201cEse es un ejemplo de que las cosas se est\u00e1n haciendo bien desde el punto de vista ambiental\u201d. \u00a0A\u00f1adi\u00f3 que las acciones de salvaguarda han demostrado que no existe afectaci\u00f3n a la fauna y que es posible un buen manejo de los recursos forestales.<\/p>\n<p style=\"text-align: justify;\">Para ello, el MAE y Petroamazonas realizar\u00e1n un manejo conjunto a trav\u00e9s de la construcci\u00f3n de una estaci\u00f3n de control, vigilancia y monitoreo del Parque Nacional Yasun\u00ed en los puntos de acceso (Bloques 31 e ITT), evitar\u00e1 la colonizaci\u00f3n, tala ilegal, deforestaci\u00f3n, y permitir\u00e1 obtener informaci\u00f3n cient\u00edfica de primera mano sobre los impactos sobre la fauna y flora locales, as\u00ed como minimizar los tiempos de respuesta ante eventos de contingencia aplicando protocolos de intervenci\u00f3n inmediata.\u00a0 Se realizar\u00e1n planes de monitoreo a las especies indicadoras y sensibles, adem\u00e1s de la instalaci\u00f3n de c\u00e1maras trampa.<\/p>\n<p style=\"text-align: justify;\">Desde el punto de vista de las t\u00e9cnicas que se utilizar\u00e1n en el caso de que se efectivice la explotaci\u00f3n del Bloque 43, la Ministra Tapia indic\u00f3 que la tecnolog\u00eda helitransportable es positiva siempre y cuando no se la use permanentemente. \u201cEl Ministerio del Ambiente se encargar\u00e1 de ejecutar su rector\u00eda velando siempre por los Derechos de la Naturaleza\u00a0 y verificando que el impacto que se genera sea el menor\u201d.<\/p>\n<p style=\"text-align: justify;\">Finalmente, Tapia reiter\u00f3 su llamado a la ciudadan\u00eda para que sea part\u00edcipe y veedora de este proceso, para ello el MAE desarrollar\u00e1 una plataforma especializada de informaci\u00f3n que permitir\u00e1 que la poblaci\u00f3n que est\u00e9 interesada en conocer los procedimientos de fiscalizaci\u00f3n tenga el acceso para hacerlo de manera m\u00e1s clara y transparente.<\/p>\n<div id='gallery-1' class='gallery galleryid-14446 gallery-columns-4 gallery-size-thumbnail'><dl class='gallery-item'>\n\t\t\t<dt class='gallery-icon landscape'>\n\t\t\t\t<a href='https:\/\/www.ambienteyenergia.gob.ec\/ambiente\/las-comunidades-amazonicas-son-nuestros-principales-monitores-ambientales-ministra-lorena-tapia\/_dsc6719\/'><img loading=\"lazy\" decoding=\"async\" width=\"150\" height=\"150\" src=\"https:\/\/www.ambienteyenergia.gob.ec\/ambiente\/wp-content\/uploads\/sites\/2\/2013\/08\/DSC6719-150x150.jpg\" class=\"attachment-thumbnail size-thumbnail\" alt=\"\" \/><\/a>\n\t\t\t<\/dt><\/dl><dl class='gallery-item'>\n\t\t\t<dt class='gallery-icon landscape'>\n\t\t\t\t<a href='https:\/\/www.ambienteyenergia.gob.ec\/ambiente\/las-comunidades-amazonicas-son-nuestros-principales-monitores-ambientales-ministra-lorena-tapia\/_dsc6803\/'><img loading=\"lazy\" decoding=\"async\" width=\"150\" height=\"150\" src=\"https:\/\/www.ambienteyenergia.gob.ec\/ambiente\/wp-content\/uploads\/sites\/2\/2013\/08\/DSC6803-150x150.jpg\" class=\"attachment-thumbnail size-thumbnail\" alt=\"\" \/><\/a>\n\t\t\t<\/dt><\/dl><dl class='gallery-item'>\n\t\t\t<dt class='gallery-icon landscape'>\n\t\t\t\t<a href='https:\/\/www.ambienteyenergia.gob.ec\/ambiente\/las-comunidades-amazonicas-son-nuestros-principales-monitores-ambientales-ministra-lorena-tapia\/_dsc6827\/'><img loading=\"lazy\" decoding=\"async\" width=\"150\" height=\"150\" src=\"https:\/\/www.ambienteyenergia.gob.ec\/ambiente\/wp-content\/uploads\/sites\/2\/2013\/08\/DSC6827-150x150.jpg\" class=\"attachment-thumbnail size-thumbnail\" alt=\"\" \/><\/a>\n\t\t\t<\/dt><\/dl><dl class='gallery-item'>\n\t\t\t<dt class='gallery-icon landscape'>\n\t\t\t\t<a href='https:\/\/www.ambienteyenergia.gob.ec\/ambiente\/las-comunidades-amazonicas-son-nuestros-principales-monitores-ambientales-ministra-lorena-tapia\/_dsc6849\/'><img loading=\"lazy\" decoding=\"async\" width=\"150\" height=\"150\" src=\"https:\/\/www.ambienteyenergia.gob.ec\/ambiente\/wp-content\/uploads\/sites\/2\/2013\/08\/DSC6849-150x150.jpg\" class=\"attachment-thumbnail size-thumbnail\" alt=\"\" \/><\/a>\n\t\t\t<\/dt><\/dl><br style=\"clear: both\" \/><dl class='gallery-item'>\n\t\t\t<dt class='gallery-icon landscape'>\n\t\t\t\t<a href='https:\/\/www.ambienteyenergia.gob.ec\/ambiente\/las-comunidades-amazonicas-son-nuestros-principales-monitores-ambientales-ministra-lorena-tapia\/_dsc6853\/'><img loading=\"lazy\" decoding=\"async\" width=\"150\" height=\"150\" src=\"https:\/\/www.ambienteyenergia.gob.ec\/ambiente\/wp-content\/uploads\/sites\/2\/2013\/08\/DSC6853-150x150.jpg\" class=\"attachment-thumbnail size-thumbnail\" alt=\"\" \/><\/a>\n\t\t\t<\/dt><\/dl>\n\t\t\t<br style='clear: both' \/>\n\t\t<\/div>\n\n","protected":false},"excerpt":{"rendered":"<p class=\"excerpt\">La Ministra del Ambiente, Lorena Tapia, reafirm\u00f3 esta ma\u00f1ana en una entrevista para el Ciudadano TV, que su compromiso como m\u00e1xima autoridad ambiental es la eficiente aplicaci\u00f3n de las normativas nacionales y par\u00e1mentros internacionales que permitan un exigente control y fiscalizaci\u00f3n frente a la posibilidad del inicio de la actividad petrolera en el Bloque 43. Debido a la sensibilidad del&hellip; <a href=\"https:\/\/www.ambienteyenergia.gob.ec\/ambiente\/las-comunidades-amazonicas-son-nuestros-principales-monitores-ambientales-ministra-lorena-tapia\/\">Read more &rarr;<\/a><\/p>\n","protected":false},"author":13,"featured_media":14451,"comment_status":"open","ping_status":"open","sticky":false,"template":"","format":"standard","meta":{"footnotes":""},"categories":[16,4,10],"tags":[],"class_list":["post-14446","post","type-post","status-publish","format-standard","has-post-thumbnail","hentry","category-comunicamos","category-noticias","category-noticias-destacadas","xfolkentry"],"_links":{"self":[{"href":"https:\/\/www.ambienteyenergia.gob.ec\/ambiente\/wp-json\/wp\/v2\/posts\/14446","targetHints":{"allow":["GET"]}}],"collection":[{"href":"https:\/\/www.ambienteyenergia.gob.ec\/ambiente\/wp-json\/wp\/v2\/posts"}],"about":[{"href":"https:\/\/www.ambienteyenergia.gob.ec\/ambiente\/wp-json\/wp\/v2\/types\/post"}],"author":[{"embeddable":true,"href":"https:\/\/www.ambienteyenergia.gob.ec\/ambiente\/wp-json\/wp\/v2\/users\/13"}],"replies":[{"embeddable":true,"href":"https:\/\/www.ambienteyenergia.gob.ec\/ambiente\/wp-json\/wp\/v2\/comments?post=14446"}],"version-history":[{"count":0,"href":"https:\/\/www.ambienteyenergia.gob.ec\/ambiente\/wp-json\/wp\/v2\/posts\/14446\/revisions"}],"wp:featuredmedia":[{"embeddable":true,"href":"https:\/\/www.ambienteyenergia.gob.ec\/ambiente\/wp-json\/wp\/v2\/media\/14451"}],"wp:attachment":[{"href":"https:\/\/www.ambienteyenergia.gob.ec\/ambiente\/wp-json\/wp\/v2\/media?parent=14446"}],"wp:term":[{"taxonomy":"category","embeddable":true,"href":"https:\/\/www.ambienteyenergia.gob.ec\/ambiente\/wp-json\/wp\/v2\/categories?post=14446"},{"taxonomy":"post_tag","embeddable":true,"href":"https:\/\/www.ambienteyenergia.gob.ec\/ambiente\/wp-json\/wp\/v2\/tags?post=14446"}],"curies":[{"name":"wp","href":"https:\/\/api.w.org\/{rel}","templated":true}]}}