{"id":14439,"date":"2013-08-22T15:41:15","date_gmt":"2013-08-22T20:41:15","guid":{"rendered":"http:\/\/www.ambiente.gob.ec\/?p=14439"},"modified":"2013-08-23T17:50:34","modified_gmt":"2013-08-23T22:50:34","slug":"voluntarios-del-servicio-civil-ciudadano-se-capacitaron-sobre-el-proyecto-huella-ecologica-imbabura","status":"publish","type":"post","link":"https:\/\/www.ambienteyenergia.gob.ec\/ambiente\/voluntarios-del-servicio-civil-ciudadano-se-capacitaron-sobre-el-proyecto-huella-ecologica-imbabura\/","title":{"rendered":"Voluntarios del Servicio Civil Ciudadano se capacitaron sobre el Proyecto Huella Ecol\u00f3gica (Imbabura)"},"content":{"rendered":"<p style=\"text-align: justify;\">Hoy, el Ministerio del Ambiente (MAE) imparti\u00f3 una capacitaci\u00f3n sobre <a href=\"http:\/\/www.ambienteyenergia.gob.ec\/ambiente\/ecuacion-del-medio-ambiente\/\">Huella Ecol\u00f3gica<\/a> (HE) a alrededor de 70 personas, entre ellas, voluntarios del Servicio Civil Ciudadano (SCC) y representantes del GAD de Ibarra, de Polic\u00eda Nacional, de la Secretar\u00eda Nacional del Agua, del Ministerio de Inclusi\u00f3n Econ\u00f3mica y Social, y del Registro Civ\u00edl, en el Auditorio Leonidas Proa\u00f1o del Municipio de Ibarra, en la provincia de Imbabura. El objetivo de este taller fue generar un cambio de comportamiento en los asistentes en cuanto al consumo excesivo de recursos y promover buenas pr\u00e1cticas ambientales.<\/p>\n<p style=\"text-align: justify;\">Las funcionarias del MAE iniciaron la jornada de trabajo explicando los conceptos b\u00e1sicos de Huella Ecol\u00f3gica y c\u00f3mo el conocimiento de estos puede ayudar a concientizar a las personas sobre el uso de los recursos.<\/p>\n<p style=\"text-align: justify;\">\u201cLa Huella Ecol\u00f3gica calcula la superficie de tierra y agua necesaria para producir los recursos que consumen los seres humanos y absorber los desechos que generan\u201d, indic\u00f3 Ana Karina Andrade, t\u00e9cnica del MAE.<\/p>\n<p style=\"text-align: justify;\">Como parte de este taller se realizaron varias din\u00e1micas y juegos l\u00fadico-cognitivos para ejemplificar mejor los conceptos de HE. Uno de ellos, fue el juego de la pesca, en el que se formaron grupos de cinco personas que deb\u00edan plantear una estrategia adecuada para pescar, satisfacer las necesidades de los miembros del grupo y a la vez, permitir que los recursos (en este caso los peces) se regeneren.<\/p>\n<p style=\"text-align: justify;\">Esta actividad permiti\u00f3 a los participantes comprender el nivel de consumo de la poblaci\u00f3n y compararlo con la capacidad de la naturaleza para producir recursos renovables (biocapacidad).<\/p>\n<p style=\"text-align: justify;\">\u201cDebemos tener claro que toda actividad que realizamos tiene un impacto ambiental, por eso es necesario conocer y transmitir a la sociedad conocimientos sobre c\u00f3mo podemos mitigar la Huella ambiental que generamos\u201d, asegur\u00f3 Dennis Malte,\u00a0 voluntario del SCC de Gesti\u00f3n Ambiental de Imbabura.<\/p>\n<p style=\"text-align: justify;\">Asimismo, se habl\u00f3 de la situaci\u00f3n mundial y nacional de HE. A nivel global, el concepto ha tomado fuerza y los pa\u00edses se preocupan cada vez m\u00e1s sobre este indicador, pues seg\u00fan los \u00faltimos estudios la HE ha superado la biocapacidad, esto significa que la cantidad de recursos que est\u00e1 utilizando el planeta sobrepasa el nivel normal.<\/p>\n<p style=\"text-align: justify;\">Por su parte, Ecuador se encuentra en d\u00e9ficit ecol\u00f3gico, esto quiere decir que los ecuatorianos est\u00e1n consumiendo m\u00e1s recursos de los que naturaleza puede regenerar. En el a\u00f1o 2008, la Huella Ecol\u00f3gica de un ecuatoriano fue 2,37 hag mientras su biocapacidad fue de 2,18 hag.<\/p>\n<p style=\"text-align: justify;\">Finalmente, se explicaron los mecanismos para reducir la HE. \u201cLa recomendaci\u00f3n fundamental es visitar la p\u00e1gina web del Ministerio del Ambiente y hacer la evaluaci\u00f3n en la <a href=\"http:\/\/huella-ecologica.ambiente.gob.ec\/calculadora-personal\/login.php\">calculadora de HE<\/a> y seg\u00fan nuestro estilo de vida el sistema nos informa qu\u00e9 medidas debemos tomar para disminuir nuestra HE\u201d, mencion\u00f3 Malte.<\/p>\n<p style=\"text-align: justify;\">El MAE a trav\u00e9s de charlas, capacitaciones, talleres y proyectos pretende mitigar la HE a nivel personal, para as\u00ed sumar esfuerzos y disminuir los h\u00e1bitos de excesivo consumo en la ciudadan\u00eda.<\/p>\n<div id='gallery-1' class='gallery galleryid-14439 gallery-columns-4 gallery-size-thumbnail'><dl class='gallery-item'>\n\t\t\t<dt class='gallery-icon landscape'>\n\t\t\t\t<a href='https:\/\/www.ambienteyenergia.gob.ec\/ambiente\/voluntarios-del-servicio-civil-ciudadano-se-capacitaron-sobre-el-proyecto-huella-ecologica-imbabura\/_mg_3690\/'><img loading=\"lazy\" decoding=\"async\" width=\"150\" height=\"150\" src=\"https:\/\/www.ambienteyenergia.gob.ec\/ambiente\/wp-content\/uploads\/sites\/2\/2013\/08\/MG_3690-150x150.jpg\" class=\"attachment-thumbnail size-thumbnail\" alt=\"\" \/><\/a>\n\t\t\t<\/dt><\/dl><dl class='gallery-item'>\n\t\t\t<dt class='gallery-icon landscape'>\n\t\t\t\t<a href='https:\/\/www.ambienteyenergia.gob.ec\/ambiente\/voluntarios-del-servicio-civil-ciudadano-se-capacitaron-sobre-el-proyecto-huella-ecologica-imbabura\/_mg_3699\/'><img loading=\"lazy\" decoding=\"async\" width=\"150\" height=\"150\" src=\"https:\/\/www.ambienteyenergia.gob.ec\/ambiente\/wp-content\/uploads\/sites\/2\/2013\/08\/MG_3699-150x150.jpg\" class=\"attachment-thumbnail size-thumbnail\" alt=\"\" \/><\/a>\n\t\t\t<\/dt><\/dl><dl class='gallery-item'>\n\t\t\t<dt class='gallery-icon landscape'>\n\t\t\t\t<a href='https:\/\/www.ambienteyenergia.gob.ec\/ambiente\/voluntarios-del-servicio-civil-ciudadano-se-capacitaron-sobre-el-proyecto-huella-ecologica-imbabura\/_mg_3709\/'><img loading=\"lazy\" decoding=\"async\" width=\"150\" height=\"150\" src=\"https:\/\/www.ambienteyenergia.gob.ec\/ambiente\/wp-content\/uploads\/sites\/2\/2013\/08\/MG_3709-150x150.jpg\" class=\"attachment-thumbnail size-thumbnail\" alt=\"\" \/><\/a>\n\t\t\t<\/dt><\/dl><dl class='gallery-item'>\n\t\t\t<dt class='gallery-icon landscape'>\n\t\t\t\t<a href='https:\/\/www.ambienteyenergia.gob.ec\/ambiente\/voluntarios-del-servicio-civil-ciudadano-se-capacitaron-sobre-el-proyecto-huella-ecologica-imbabura\/_mg_3716\/'><img loading=\"lazy\" decoding=\"async\" width=\"150\" height=\"150\" src=\"https:\/\/www.ambienteyenergia.gob.ec\/ambiente\/wp-content\/uploads\/sites\/2\/2013\/08\/MG_3716-150x150.jpg\" class=\"attachment-thumbnail size-thumbnail\" alt=\"\" \/><\/a>\n\t\t\t<\/dt><\/dl><br style=\"clear: both\" \/>\n\t\t<\/div>\n\n","protected":false},"excerpt":{"rendered":"<p class=\"excerpt\">Hoy, el Ministerio del Ambiente (MAE) imparti\u00f3 una capacitaci\u00f3n sobre Huella Ecol\u00f3gica (HE) a alrededor de 70 personas, entre ellas, voluntarios del Servicio Civil Ciudadano (SCC) y representantes del GAD de Ibarra, de Polic\u00eda Nacional, de la Secretar\u00eda Nacional del Agua, del Ministerio de Inclusi\u00f3n Econ\u00f3mica y Social, y del Registro Civ\u00edl, en el Auditorio Leonidas Proa\u00f1o del Municipio de&hellip; <a href=\"https:\/\/www.ambienteyenergia.gob.ec\/ambiente\/voluntarios-del-servicio-civil-ciudadano-se-capacitaron-sobre-el-proyecto-huella-ecologica-imbabura\/\">Read more &rarr;<\/a><\/p>\n","protected":false},"author":13,"featured_media":14443,"comment_status":"open","ping_status":"open","sticky":false,"template":"","format":"standard","meta":{"footnotes":""},"categories":[16,4],"tags":[],"class_list":["post-14439","post","type-post","status-publish","format-standard","has-post-thumbnail","hentry","category-comunicamos","category-noticias","xfolkentry"],"_links":{"self":[{"href":"https:\/\/www.ambienteyenergia.gob.ec\/ambiente\/wp-json\/wp\/v2\/posts\/14439","targetHints":{"allow":["GET"]}}],"collection":[{"href":"https:\/\/www.ambienteyenergia.gob.ec\/ambiente\/wp-json\/wp\/v2\/posts"}],"about":[{"href":"https:\/\/www.ambienteyenergia.gob.ec\/ambiente\/wp-json\/wp\/v2\/types\/post"}],"author":[{"embeddable":true,"href":"https:\/\/www.ambienteyenergia.gob.ec\/ambiente\/wp-json\/wp\/v2\/users\/13"}],"replies":[{"embeddable":true,"href":"https:\/\/www.ambienteyenergia.gob.ec\/ambiente\/wp-json\/wp\/v2\/comments?post=14439"}],"version-history":[{"count":0,"href":"https:\/\/www.ambienteyenergia.gob.ec\/ambiente\/wp-json\/wp\/v2\/posts\/14439\/revisions"}],"wp:featuredmedia":[{"embeddable":true,"href":"https:\/\/www.ambienteyenergia.gob.ec\/ambiente\/wp-json\/wp\/v2\/media\/14443"}],"wp:attachment":[{"href":"https:\/\/www.ambienteyenergia.gob.ec\/ambiente\/wp-json\/wp\/v2\/media?parent=14439"}],"wp:term":[{"taxonomy":"category","embeddable":true,"href":"https:\/\/www.ambienteyenergia.gob.ec\/ambiente\/wp-json\/wp\/v2\/categories?post=14439"},{"taxonomy":"post_tag","embeddable":true,"href":"https:\/\/www.ambienteyenergia.gob.ec\/ambiente\/wp-json\/wp\/v2\/tags?post=14439"}],"curies":[{"name":"wp","href":"https:\/\/api.w.org\/{rel}","templated":true}]}}