{"id":14429,"date":"2013-08-22T14:30:32","date_gmt":"2013-08-22T19:30:32","guid":{"rendered":"http:\/\/www.ambiente.gob.ec\/?p=14429"},"modified":"2013-08-22T15:16:19","modified_gmt":"2013-08-22T20:16:19","slug":"comision-interinstitucional-monitoreo-area-de-refugio-de-osezno-pinocho-en-ecozoo-san-martin","status":"publish","type":"post","link":"https:\/\/www.ambienteyenergia.gob.ec\/ambiente\/comision-interinstitucional-monitoreo-area-de-refugio-de-osezno-pinocho-en-ecozoo-san-martin\/","title":{"rendered":"Comisi\u00f3n interinstitucional monitore\u00f3 \u00e1rea de refugio de osezno \u00abPinocho\u00bb en Ecozoo San Mart\u00edn"},"content":{"rendered":"<p style=\"text-align: justify;\">Una zona de aislamiento enriquecida con vegetaci\u00f3n nativa como bromelias, un peque\u00f1o refugio de madera que sirve como nido con paja, y otros elementos como troncos y rocas son parte del \u00e1rea del Eco zool\u00f3gico San Mart\u00edn en la que el osezno de anteojos \u201cPinocho\u201d\u00a0(Tremarctos\u00a0ornatus), se recupera.<\/p>\n<p style=\"text-align: justify;\">As\u00ed lo verific\u00f3, ayer, una comisi\u00f3n interinstitucional conformada por\u00a0 funcionarios del Ministerio del Ambiente (MAE),\u00a0 Fundaci\u00f3n del Oso Andino Ecuador, y Eco zool\u00f3gico San Mart\u00edn, durante un monitoreo a este Centro de Manejo para observar y determinar el estado f\u00edsico, salud, alimentaci\u00f3n y el comportamiento del cachorro.<\/p>\n<p style=\"text-align: justify;\">Este recorrido por el establecimiento ubicado ciudad de Ba\u00f1os de Agua Santa, se realiz\u00f3 luego de que\u00a0 personal de la Direcci\u00f3n nacional de Biodiversidad, t\u00e9cnicos del Parque Nacional Llanganates del MAE y representantes de las instituciones mencionadas se reunieran para, en trabajo conjunto, establecer y emitir criterios de manejo t\u00e9cnico en pro el bienestar del osezno de aproximadamente dos meses de edad, recatado el pasado 26 de julio.<\/p>\n<p style=\"text-align: justify;\">Armando Castellanos presidente de la Fundaci\u00f3n Oso Andino del Ecuador verific\u00f3 el trabajo realizado por los manejadores de fauna\u00a0 del Ecozoo San Martin de Ba\u00f1os de Agua Santa y funcionarios del Ministerio del Ambiente quien\u00a0 recomend\u00f3\u00a0 aumentar la sombra en el recinto.<\/p>\n<p style=\"text-align: justify;\">La din\u00e1mica y comportamiento que muestra el cachorro es activo, el aumento de peso demuestra su recuperaci\u00f3n. Se espera que con el paso de los d\u00edas se fortalezca. Esta Cartera de Estado, junto con el personal del Ecozoo San Martin monitorea a diario la estabilidad del Osezno.<\/p>\n<div id='gallery-1' class='gallery galleryid-14429 gallery-columns-4 gallery-size-thumbnail'><dl class='gallery-item'>\n\t\t\t<dt class='gallery-icon landscape'>\n\t\t\t\t<a href='https:\/\/www.ambienteyenergia.gob.ec\/ambiente\/comision-interinstitucional-monitoreo-area-de-refugio-de-osezno-pinocho-en-ecozoo-san-martin\/sony-dsc-53\/'><img loading=\"lazy\" decoding=\"async\" width=\"150\" height=\"150\" src=\"https:\/\/www.ambienteyenergia.gob.ec\/ambiente\/wp-content\/uploads\/sites\/2\/2013\/08\/DSC04995-150x150.jpg\" class=\"attachment-thumbnail size-thumbnail\" alt=\"\" \/><\/a>\n\t\t\t<\/dt><\/dl><dl class='gallery-item'>\n\t\t\t<dt class='gallery-icon landscape'>\n\t\t\t\t<a href='https:\/\/www.ambienteyenergia.gob.ec\/ambiente\/comision-interinstitucional-monitoreo-area-de-refugio-de-osezno-pinocho-en-ecozoo-san-martin\/sony-dsc-54\/'><img loading=\"lazy\" decoding=\"async\" width=\"150\" height=\"150\" src=\"https:\/\/www.ambienteyenergia.gob.ec\/ambiente\/wp-content\/uploads\/sites\/2\/2013\/08\/DSC05009-150x150.jpg\" class=\"attachment-thumbnail size-thumbnail\" alt=\"\" \/><\/a>\n\t\t\t<\/dt><\/dl><dl class='gallery-item'>\n\t\t\t<dt class='gallery-icon landscape'>\n\t\t\t\t<a href='https:\/\/www.ambienteyenergia.gob.ec\/ambiente\/comision-interinstitucional-monitoreo-area-de-refugio-de-osezno-pinocho-en-ecozoo-san-martin\/sony-dsc-55\/'><img loading=\"lazy\" decoding=\"async\" width=\"150\" height=\"150\" src=\"https:\/\/www.ambienteyenergia.gob.ec\/ambiente\/wp-content\/uploads\/sites\/2\/2013\/08\/DSC05012-150x150.jpg\" class=\"attachment-thumbnail size-thumbnail\" alt=\"\" \/><\/a>\n\t\t\t<\/dt><\/dl><dl class='gallery-item'>\n\t\t\t<dt class='gallery-icon portrait'>\n\t\t\t\t<a href='https:\/\/www.ambienteyenergia.gob.ec\/ambiente\/comision-interinstitucional-monitoreo-area-de-refugio-de-osezno-pinocho-en-ecozoo-san-martin\/sony-dsc-56\/'><img loading=\"lazy\" decoding=\"async\" width=\"150\" height=\"150\" src=\"https:\/\/www.ambienteyenergia.gob.ec\/ambiente\/wp-content\/uploads\/sites\/2\/2013\/08\/DSC05020-150x150.jpg\" class=\"attachment-thumbnail size-thumbnail\" alt=\"\" \/><\/a>\n\t\t\t<\/dt><\/dl><br style=\"clear: both\" \/><dl class='gallery-item'>\n\t\t\t<dt class='gallery-icon landscape'>\n\t\t\t\t<a href='https:\/\/www.ambienteyenergia.gob.ec\/ambiente\/comision-interinstitucional-monitoreo-area-de-refugio-de-osezno-pinocho-en-ecozoo-san-martin\/sony-dsc-57\/'><img loading=\"lazy\" decoding=\"async\" width=\"150\" height=\"150\" src=\"https:\/\/www.ambienteyenergia.gob.ec\/ambiente\/wp-content\/uploads\/sites\/2\/2013\/08\/DSC05034-150x150.jpg\" class=\"attachment-thumbnail size-thumbnail\" alt=\"\" \/><\/a>\n\t\t\t<\/dt><\/dl><dl class='gallery-item'>\n\t\t\t<dt class='gallery-icon portrait'>\n\t\t\t\t<a href='https:\/\/www.ambienteyenergia.gob.ec\/ambiente\/comision-interinstitucional-monitoreo-area-de-refugio-de-osezno-pinocho-en-ecozoo-san-martin\/sony-dsc-58\/'><img loading=\"lazy\" decoding=\"async\" width=\"150\" height=\"150\" src=\"https:\/\/www.ambienteyenergia.gob.ec\/ambiente\/wp-content\/uploads\/sites\/2\/2013\/08\/DSC05037-150x150.jpg\" class=\"attachment-thumbnail size-thumbnail\" alt=\"\" \/><\/a>\n\t\t\t<\/dt><\/dl><dl class='gallery-item'>\n\t\t\t<dt class='gallery-icon landscape'>\n\t\t\t\t<a href='https:\/\/www.ambienteyenergia.gob.ec\/ambiente\/comision-interinstitucional-monitoreo-area-de-refugio-de-osezno-pinocho-en-ecozoo-san-martin\/dsc05025\/'><img loading=\"lazy\" decoding=\"async\" width=\"150\" height=\"150\" src=\"https:\/\/www.ambienteyenergia.gob.ec\/ambiente\/wp-content\/uploads\/sites\/2\/2013\/08\/DSC05025-150x150.jpg\" class=\"attachment-thumbnail size-thumbnail\" alt=\"\" \/><\/a>\n\t\t\t<\/dt><\/dl>\n\t\t\t<br style='clear: both' \/>\n\t\t<\/div>\n\n","protected":false},"excerpt":{"rendered":"<p class=\"excerpt\">Una zona de aislamiento enriquecida con vegetaci\u00f3n nativa como bromelias, un peque\u00f1o refugio de madera que sirve como nido con paja, y otros elementos como troncos y rocas son parte del \u00e1rea del Eco zool\u00f3gico San Mart\u00edn en la que el osezno de anteojos \u201cPinocho\u201d\u00a0(Tremarctos\u00a0ornatus), se recupera. As\u00ed lo verific\u00f3, ayer, una comisi\u00f3n interinstitucional conformada por\u00a0 funcionarios del Ministerio del&hellip; <a href=\"https:\/\/www.ambienteyenergia.gob.ec\/ambiente\/comision-interinstitucional-monitoreo-area-de-refugio-de-osezno-pinocho-en-ecozoo-san-martin\/\">Read more &rarr;<\/a><\/p>\n","protected":false},"author":13,"featured_media":14436,"comment_status":"open","ping_status":"open","sticky":false,"template":"","format":"standard","meta":{"footnotes":""},"categories":[16,4],"tags":[],"class_list":["post-14429","post","type-post","status-publish","format-standard","has-post-thumbnail","hentry","category-comunicamos","category-noticias","xfolkentry"],"_links":{"self":[{"href":"https:\/\/www.ambienteyenergia.gob.ec\/ambiente\/wp-json\/wp\/v2\/posts\/14429","targetHints":{"allow":["GET"]}}],"collection":[{"href":"https:\/\/www.ambienteyenergia.gob.ec\/ambiente\/wp-json\/wp\/v2\/posts"}],"about":[{"href":"https:\/\/www.ambienteyenergia.gob.ec\/ambiente\/wp-json\/wp\/v2\/types\/post"}],"author":[{"embeddable":true,"href":"https:\/\/www.ambienteyenergia.gob.ec\/ambiente\/wp-json\/wp\/v2\/users\/13"}],"replies":[{"embeddable":true,"href":"https:\/\/www.ambienteyenergia.gob.ec\/ambiente\/wp-json\/wp\/v2\/comments?post=14429"}],"version-history":[{"count":0,"href":"https:\/\/www.ambienteyenergia.gob.ec\/ambiente\/wp-json\/wp\/v2\/posts\/14429\/revisions"}],"wp:featuredmedia":[{"embeddable":true,"href":"https:\/\/www.ambienteyenergia.gob.ec\/ambiente\/wp-json\/wp\/v2\/media\/14436"}],"wp:attachment":[{"href":"https:\/\/www.ambienteyenergia.gob.ec\/ambiente\/wp-json\/wp\/v2\/media?parent=14429"}],"wp:term":[{"taxonomy":"category","embeddable":true,"href":"https:\/\/www.ambienteyenergia.gob.ec\/ambiente\/wp-json\/wp\/v2\/categories?post=14429"},{"taxonomy":"post_tag","embeddable":true,"href":"https:\/\/www.ambienteyenergia.gob.ec\/ambiente\/wp-json\/wp\/v2\/tags?post=14429"}],"curies":[{"name":"wp","href":"https:\/\/api.w.org\/{rel}","templated":true}]}}