{"id":14415,"date":"2013-08-21T11:57:30","date_gmt":"2013-08-21T16:57:30","guid":{"rendered":"http:\/\/www.ambiente.gob.ec\/?p=14415"},"modified":"2013-08-21T11:57:30","modified_gmt":"2013-08-21T16:57:30","slug":"ocho-especies-de-vida-silvestre-fueron-rescatadas-en-santo-domingo-de-los-tsachilas","status":"publish","type":"post","link":"https:\/\/www.ambienteyenergia.gob.ec\/ambiente\/ocho-especies-de-vida-silvestre-fueron-rescatadas-en-santo-domingo-de-los-tsachilas\/","title":{"rendered":"Ocho especies de vida silvestre fueron rescatadas en Santo Domingo de los Ts\u00e1chilas"},"content":{"rendered":"<p style=\"text-align: justify;\">El Ministerio del Ambiente (MAE), en coordinaci\u00f3n con la Unidad de Protecci\u00f3n del Medio Ambiente de la Polic\u00eda Nacional (UPMA), rescat\u00f3 ocho espec\u00edmenes de fauna silvestre y decomis\u00f3 25 pieles de boas constrictor matacaballo y dos animales silvestres en proceso de descomposici\u00f3n para ser disecados, en la provincia de Santo Domingo de los Ts\u00e1chilas, la semana del 12 al 16 de agosto.<\/p>\n<p style=\"text-align: justify;\">Entre los animales confiscados est\u00e1n seis boas constrictor matacaballo (<em>Boa constrictor constrictor<\/em>), un tigrillo (<em>Leopardus pardalis<\/em>) y una guatusa (<em>Dasyprocta punctata<\/em>), que se encontraban en un ambiente no \u00f3ptimo para su desarrollo y bienestar.<\/p>\n<p style=\"text-align: justify;\">El presunto infractor que ten\u00eda en cautiverio a las boas constrictor y las pieles de estas serpientes fue trasladado a la Fiscal\u00eda Provincial para iniciar con los procesos legales pertinentes.<\/p>\n<p style=\"text-align: justify;\">Por otro lado, los espec\u00edmenes fueron entregados en custodia temporal al Centro de Rescate \u201cCarlos Becdach\u201d, ubicado en el km 34 de la v\u00eda a Esmeraldas, para su recuperaci\u00f3n. Aqu\u00ed se realizar\u00e1 una valoraci\u00f3n m\u00e9dica del estado de salud de los animales para determinar qu\u00e9 tan afectados se hallan. Posterior a esto, pasar\u00e1n a un per\u00edodo de cuarentena, en donde ser\u00e1n monitoreados y alimentados correctamente. Finalmente, se analizar\u00e1 si es posible o no liberarlos en su h\u00e1bitat natural<\/p>\n<p style=\"text-align: justify;\">El MAE continuar\u00e1 con estos operativos como parte del control de tr\u00e1fico de animales de vida silvestre en la provincia Ts\u00e1chila. Asimismo, esta Cartera de Estado invita a la ciudadan\u00eda a que no comercialicen fauna silvestre y denuncien casos de tenencia ilegal al 1800 \u2013 AMBIENTE (2624368).<\/p>\n<div id='gallery-1' class='gallery galleryid-14415 gallery-columns-4 gallery-size-thumbnail'><dl class='gallery-item'>\n\t\t\t<dt class='gallery-icon landscape'>\n\t\t\t\t<a href='https:\/\/www.ambienteyenergia.gob.ec\/ambiente\/ocho-especies-de-vida-silvestre-fueron-rescatadas-en-santo-domingo-de-los-tsachilas\/boas-amarradas-sdt\/'><img loading=\"lazy\" decoding=\"async\" width=\"150\" height=\"150\" src=\"https:\/\/www.ambienteyenergia.gob.ec\/ambiente\/wp-content\/uploads\/sites\/2\/2013\/08\/BOAS-AMARRADAS-SDT-150x150.jpg\" class=\"attachment-thumbnail size-thumbnail\" alt=\"\" \/><\/a>\n\t\t\t<\/dt><\/dl><dl class='gallery-item'>\n\t\t\t<dt class='gallery-icon landscape'>\n\t\t\t\t<a href='https:\/\/www.ambienteyenergia.gob.ec\/ambiente\/ocho-especies-de-vida-silvestre-fueron-rescatadas-en-santo-domingo-de-los-tsachilas\/e-r-ceta-prov-sdt\/'><img loading=\"lazy\" decoding=\"async\" width=\"150\" height=\"150\" src=\"https:\/\/www.ambienteyenergia.gob.ec\/ambiente\/wp-content\/uploads\/sites\/2\/2013\/08\/E-R-CETA-PROV.-SDT.-150x150.jpg\" class=\"attachment-thumbnail size-thumbnail\" alt=\"\" \/><\/a>\n\t\t\t<\/dt><\/dl><dl class='gallery-item'>\n\t\t\t<dt class='gallery-icon landscape'>\n\t\t\t\t<a href='https:\/\/www.ambienteyenergia.gob.ec\/ambiente\/ocho-especies-de-vida-silvestre-fueron-rescatadas-en-santo-domingo-de-los-tsachilas\/guatusa-rescatada-sdt\/'><img loading=\"lazy\" decoding=\"async\" width=\"150\" height=\"150\" src=\"https:\/\/www.ambienteyenergia.gob.ec\/ambiente\/wp-content\/uploads\/sites\/2\/2013\/08\/GUATUSA-RESCATADA-SDT-150x150.jpg\" class=\"attachment-thumbnail size-thumbnail\" alt=\"\" \/><\/a>\n\t\t\t<\/dt><\/dl><dl class='gallery-item'>\n\t\t\t<dt class='gallery-icon landscape'>\n\t\t\t\t<a href='https:\/\/www.ambienteyenergia.gob.ec\/ambiente\/ocho-especies-de-vida-silvestre-fueron-rescatadas-en-santo-domingo-de-los-tsachilas\/piel-boa-matacaballo-sdt\/'><img loading=\"lazy\" decoding=\"async\" width=\"150\" height=\"150\" src=\"https:\/\/www.ambienteyenergia.gob.ec\/ambiente\/wp-content\/uploads\/sites\/2\/2013\/08\/PIEL-BOA-MATACABALLO-SDT-150x150.jpg\" class=\"attachment-thumbnail size-thumbnail\" alt=\"\" \/><\/a>\n\t\t\t<\/dt><\/dl><br style=\"clear: both\" \/><dl class='gallery-item'>\n\t\t\t<dt class='gallery-icon landscape'>\n\t\t\t\t<a href='https:\/\/www.ambienteyenergia.gob.ec\/ambiente\/ocho-especies-de-vida-silvestre-fueron-rescatadas-en-santo-domingo-de-los-tsachilas\/pieles-boa-matacaballo-sdt\/'><img loading=\"lazy\" decoding=\"async\" width=\"150\" height=\"150\" src=\"https:\/\/www.ambienteyenergia.gob.ec\/ambiente\/wp-content\/uploads\/sites\/2\/2013\/08\/PIELES-BOA-MATACABALLO-SDT-150x150.jpg\" class=\"attachment-thumbnail size-thumbnail\" alt=\"\" \/><\/a>\n\t\t\t<\/dt><\/dl><dl class='gallery-item'>\n\t\t\t<dt class='gallery-icon landscape'>\n\t\t\t\t<a href='https:\/\/www.ambienteyenergia.gob.ec\/ambiente\/ocho-especies-de-vida-silvestre-fueron-rescatadas-en-santo-domingo-de-los-tsachilas\/vida-silv-rescatada-sdt\/'><img loading=\"lazy\" decoding=\"async\" width=\"150\" height=\"150\" src=\"https:\/\/www.ambienteyenergia.gob.ec\/ambiente\/wp-content\/uploads\/sites\/2\/2013\/08\/VIDA-SILV.RESCATADA-SDT-150x150.jpg\" class=\"attachment-thumbnail size-thumbnail\" alt=\"\" \/><\/a>\n\t\t\t<\/dt><\/dl>\n\t\t\t<br style='clear: both' \/>\n\t\t<\/div>\n\n","protected":false},"excerpt":{"rendered":"<p class=\"excerpt\">El Ministerio del Ambiente (MAE), en coordinaci\u00f3n con la Unidad de Protecci\u00f3n del Medio Ambiente de la Polic\u00eda Nacional (UPMA), rescat\u00f3 ocho espec\u00edmenes de fauna silvestre y decomis\u00f3 25 pieles de boas constrictor matacaballo y dos animales silvestres en proceso de descomposici\u00f3n para ser disecados, en la provincia de Santo Domingo de los Ts\u00e1chilas, la semana del 12 al 16&hellip; <a href=\"https:\/\/www.ambienteyenergia.gob.ec\/ambiente\/ocho-especies-de-vida-silvestre-fueron-rescatadas-en-santo-domingo-de-los-tsachilas\/\">Read more &rarr;<\/a><\/p>\n","protected":false},"author":13,"featured_media":14421,"comment_status":"open","ping_status":"open","sticky":false,"template":"","format":"standard","meta":{"footnotes":""},"categories":[16,4],"tags":[],"class_list":["post-14415","post","type-post","status-publish","format-standard","has-post-thumbnail","hentry","category-comunicamos","category-noticias","xfolkentry"],"_links":{"self":[{"href":"https:\/\/www.ambienteyenergia.gob.ec\/ambiente\/wp-json\/wp\/v2\/posts\/14415","targetHints":{"allow":["GET"]}}],"collection":[{"href":"https:\/\/www.ambienteyenergia.gob.ec\/ambiente\/wp-json\/wp\/v2\/posts"}],"about":[{"href":"https:\/\/www.ambienteyenergia.gob.ec\/ambiente\/wp-json\/wp\/v2\/types\/post"}],"author":[{"embeddable":true,"href":"https:\/\/www.ambienteyenergia.gob.ec\/ambiente\/wp-json\/wp\/v2\/users\/13"}],"replies":[{"embeddable":true,"href":"https:\/\/www.ambienteyenergia.gob.ec\/ambiente\/wp-json\/wp\/v2\/comments?post=14415"}],"version-history":[{"count":0,"href":"https:\/\/www.ambienteyenergia.gob.ec\/ambiente\/wp-json\/wp\/v2\/posts\/14415\/revisions"}],"wp:featuredmedia":[{"embeddable":true,"href":"https:\/\/www.ambienteyenergia.gob.ec\/ambiente\/wp-json\/wp\/v2\/media\/14421"}],"wp:attachment":[{"href":"https:\/\/www.ambienteyenergia.gob.ec\/ambiente\/wp-json\/wp\/v2\/media?parent=14415"}],"wp:term":[{"taxonomy":"category","embeddable":true,"href":"https:\/\/www.ambienteyenergia.gob.ec\/ambiente\/wp-json\/wp\/v2\/categories?post=14415"},{"taxonomy":"post_tag","embeddable":true,"href":"https:\/\/www.ambienteyenergia.gob.ec\/ambiente\/wp-json\/wp\/v2\/tags?post=14415"}],"curies":[{"name":"wp","href":"https:\/\/api.w.org\/{rel}","templated":true}]}}