{"id":14410,"date":"2013-08-21T11:50:32","date_gmt":"2013-08-21T16:50:32","guid":{"rendered":"http:\/\/www.ambiente.gob.ec\/?p=14410"},"modified":"2013-08-21T11:50:32","modified_gmt":"2013-08-21T16:50:32","slug":"mae-entrego-madera-legal-a-artesanos-y-artistas-de-san-antonio-de-ibarra","status":"publish","type":"post","link":"https:\/\/www.ambienteyenergia.gob.ec\/ambiente\/mae-entrego-madera-legal-a-artesanos-y-artistas-de-san-antonio-de-ibarra\/","title":{"rendered":"MAE entreg\u00f3 madera legal a artesanos y artistas de San Antonio de Ibarra"},"content":{"rendered":"<p style=\"text-align: justify;\">El pasado 16 de agosto, el Ministerio del Ambiente (MAE) entreg\u00f3 68,10 metros c\u00fabicos de madera de las especies cu\u00e1ngare, copal, sande y ceibo rojo, a los artesanos y artistas de San Antonio de Ibarra, en el marco de proyecto de Gesti\u00f3n Social del Bosque que fomenta el uso de matera prima legal proveniente de bosques manejados de las provincias de Esmeraldas, Napo, Sucumb\u00edos, Pastaza y Orellana.<\/p>\n<p style=\"text-align: justify;\">Esta iniciativa, que beneficiar\u00e1 a alrededor de 2 500 artesanos y artistas de la localidad, \u00a0promueve la utilizaci\u00f3n de esas especias maderables como alternativas para evitar el empleo del cedro (especie condicionada actualmente) en la elaboraci\u00f3n de artesan\u00edas, muebles, etc.<\/p>\n<p style=\"text-align: justify;\">Durante el evento de entrega, Segundo Fuentes, Coordinador de la Zona 1 del MAE indic\u00f3 que el proyecto se est\u00e1 estructurando desde hace un a\u00f1o, a trav\u00e9s del trabajo conjunto de esta Cartera de Estado, la Junta Parroquial de San Antonio y los artesanos de la localidad.<\/p>\n<p style=\"text-align: justify;\">Asimismo, Christian Ter\u00e1n, Subsecretario de Patrimonio Natural del MAE, explic\u00f3 que la diversificaci\u00f3n de la madera y la responsabilidad de establecer proyectos de reforestaci\u00f3n en la provincia son puntos fundamentales para lograr que el\u00a0 desarrollo social y ambiental sean integrales, en concordancia con lo estipulado en los lineamientos del Buen Vivir.<\/p>\n<p style=\"text-align: justify;\"><div id='gallery-1' class='gallery galleryid-14410 gallery-columns-4 gallery-size-thumbnail'><dl class='gallery-item'>\n\t\t\t<dt class='gallery-icon landscape'>\n\t\t\t\t<a href='https:\/\/www.ambienteyenergia.gob.ec\/ambiente\/mae-entrego-madera-legal-a-artesanos-y-artistas-de-san-antonio-de-ibarra\/firma-acta-entrega\/'><img loading=\"lazy\" decoding=\"async\" width=\"150\" height=\"150\" src=\"https:\/\/www.ambienteyenergia.gob.ec\/ambiente\/wp-content\/uploads\/sites\/2\/2013\/08\/Firma-Acta-Entrega-150x150.jpg\" class=\"attachment-thumbnail size-thumbnail\" alt=\"\" \/><\/a>\n\t\t\t<\/dt><\/dl><dl class='gallery-item'>\n\t\t\t<dt class='gallery-icon landscape'>\n\t\t\t\t<a href='https:\/\/www.ambienteyenergia.gob.ec\/ambiente\/mae-entrego-madera-legal-a-artesanos-y-artistas-de-san-antonio-de-ibarra\/madera-3\/'><img loading=\"lazy\" decoding=\"async\" width=\"150\" height=\"150\" src=\"https:\/\/www.ambienteyenergia.gob.ec\/ambiente\/wp-content\/uploads\/sites\/2\/2013\/08\/Madera1-150x150.jpg\" class=\"attachment-thumbnail size-thumbnail\" alt=\"\" \/><\/a>\n\t\t\t<\/dt><\/dl><dl class='gallery-item'>\n\t\t\t<dt class='gallery-icon landscape'>\n\t\t\t\t<a href='https:\/\/www.ambienteyenergia.gob.ec\/ambiente\/mae-entrego-madera-legal-a-artesanos-y-artistas-de-san-antonio-de-ibarra\/san-antonio\/'><img loading=\"lazy\" decoding=\"async\" width=\"150\" height=\"150\" src=\"https:\/\/www.ambienteyenergia.gob.ec\/ambiente\/wp-content\/uploads\/sites\/2\/2013\/08\/San-Antonio-150x150.jpg\" class=\"attachment-thumbnail size-thumbnail\" alt=\"\" \/><\/a>\n\t\t\t<\/dt><\/dl>\n\t\t\t<br style='clear: both' \/>\n\t\t<\/div>\n<\/p>\n<p style=\"text-align: justify;\">\n","protected":false},"excerpt":{"rendered":"<p class=\"excerpt\">El pasado 16 de agosto, el Ministerio del Ambiente (MAE) entreg\u00f3 68,10 metros c\u00fabicos de madera de las especies cu\u00e1ngare, copal, sande y ceibo rojo, a los artesanos y artistas de San Antonio de Ibarra, en el marco de proyecto de Gesti\u00f3n Social del Bosque que fomenta el uso de matera prima legal proveniente de bosques manejados de las provincias&hellip; <a href=\"https:\/\/www.ambienteyenergia.gob.ec\/ambiente\/mae-entrego-madera-legal-a-artesanos-y-artistas-de-san-antonio-de-ibarra\/\">Read more &rarr;<\/a><\/p>\n","protected":false},"author":13,"featured_media":14412,"comment_status":"open","ping_status":"open","sticky":false,"template":"","format":"standard","meta":{"footnotes":""},"categories":[16,4],"tags":[],"class_list":["post-14410","post","type-post","status-publish","format-standard","has-post-thumbnail","hentry","category-comunicamos","category-noticias","xfolkentry"],"_links":{"self":[{"href":"https:\/\/www.ambienteyenergia.gob.ec\/ambiente\/wp-json\/wp\/v2\/posts\/14410","targetHints":{"allow":["GET"]}}],"collection":[{"href":"https:\/\/www.ambienteyenergia.gob.ec\/ambiente\/wp-json\/wp\/v2\/posts"}],"about":[{"href":"https:\/\/www.ambienteyenergia.gob.ec\/ambiente\/wp-json\/wp\/v2\/types\/post"}],"author":[{"embeddable":true,"href":"https:\/\/www.ambienteyenergia.gob.ec\/ambiente\/wp-json\/wp\/v2\/users\/13"}],"replies":[{"embeddable":true,"href":"https:\/\/www.ambienteyenergia.gob.ec\/ambiente\/wp-json\/wp\/v2\/comments?post=14410"}],"version-history":[{"count":0,"href":"https:\/\/www.ambienteyenergia.gob.ec\/ambiente\/wp-json\/wp\/v2\/posts\/14410\/revisions"}],"wp:featuredmedia":[{"embeddable":true,"href":"https:\/\/www.ambienteyenergia.gob.ec\/ambiente\/wp-json\/wp\/v2\/media\/14412"}],"wp:attachment":[{"href":"https:\/\/www.ambienteyenergia.gob.ec\/ambiente\/wp-json\/wp\/v2\/media?parent=14410"}],"wp:term":[{"taxonomy":"category","embeddable":true,"href":"https:\/\/www.ambienteyenergia.gob.ec\/ambiente\/wp-json\/wp\/v2\/categories?post=14410"},{"taxonomy":"post_tag","embeddable":true,"href":"https:\/\/www.ambienteyenergia.gob.ec\/ambiente\/wp-json\/wp\/v2\/tags?post=14410"}],"curies":[{"name":"wp","href":"https:\/\/api.w.org\/{rel}","templated":true}]}}