{"id":14378,"date":"2013-08-21T10:43:13","date_gmt":"2013-08-21T15:43:13","guid":{"rendered":"http:\/\/www.ambiente.gob.ec\/?p=14378"},"modified":"2013-08-21T10:43:13","modified_gmt":"2013-08-21T15:43:13","slug":"mae-inicia-proceso-de-dialogo-en-gads-para-desarrollar-planes-de-cambio-climatico","status":"publish","type":"post","link":"https:\/\/www.ambienteyenergia.gob.ec\/ambiente\/mae-inicia-proceso-de-dialogo-en-gads-para-desarrollar-planes-de-cambio-climatico\/","title":{"rendered":"MAE inicia proceso de di\u00e1logo en GAD&#8217;s para desarrollar planes de cambio clim\u00e1tico"},"content":{"rendered":"<p style=\"text-align: justify;\">El Ministerio del Ambiente (MAE), a trav\u00e9s de su proyecto Gesti\u00f3n de la Adaptaci\u00f3n al Cambio Clim\u00e1tico para disminuir la Vulnerabilidad Social, Econ\u00f3mica y Ambiental (GACC) de la Subsecretar\u00eda de Cambio Clim\u00e1tico, inici\u00f3 este 20 de agosto un di\u00e1logo con los Gobiernos Aut\u00f3nomos Descentralizados (GAD&#8217;s) de las provincias de Tungurahua y Chimborazo para iniciar el proceso de elaboraci\u00f3n de una normativa t\u00e9cnica, que incluya en sus Planes de Ordenamiento Territorial, medidas y planes de adaptaci\u00f3n al cambio clim\u00e1tico.<\/p>\n<p style=\"text-align: justify;\">Andr\u00e9s Hubenthal, Director Nacional de Adaptaci\u00f3n al Cambio Clim\u00e1tico, manifest\u00f3 en este primer acercamiento la importancia de incluir en las provincias un espacio de concertaci\u00f3n donde se puedan tratar temas relacionados al cambio clim\u00e1tico y de esta manera adoptar medidas que contrarresten los efectos e impactos de este fen\u00f3meno.<\/p>\n<p style=\"text-align: justify;\">Adem\u00e1s, resalt\u00f3 el Acuerdo Ministerial n\u00famero 95, que en su Art. 4 enuncia: \u201cLos GADs deber\u00e1n presentar para aprobaci\u00f3n del Ministerio del Ambiente sus propuestas de planes, programas y estrategias de cambio clim\u00e1tico. El MAE revisar\u00e1 la propuesta y verificar\u00e1 su aporte y vinculaci\u00f3n con la Estrategia Nacional de Cambio Clim\u00e1tico y el mecanismo de reporte\u201d<\/p>\n<p style=\"text-align: justify;\">\u201cTenemos la predisposici\u00f3n para aunar esfuerzos\u201d, con estas palabras Carlos Bonilla, Coordinador de la Gesti\u00f3n Provincial de Ambiente \u00a0Chimborazo, dio luz verde para continuar con esta iniciativa del MAE.<\/p>\n<p style=\"text-align: justify;\">Asimismo, resalt\u00f3 que diversos actores, representantes de las comunidades, universidades, gobiernos provinciales y cantonales, entre otros, forman parte de la Mesa Provincial Ambiental, espacio donde se present\u00f3 el Estudio de Vulnerabilidad de la Cuenca del R\u00edo Pastaza, trabajo realizado por esta Cartera de Estado, que es el primer paso para implementar acciones, a trav\u00e9s de \u00a0medidas de adaptaci\u00f3n.<\/p>\n<p style=\"text-align: justify;\">Cabe indicar que \u00a0los GADs pertenecientes a la cuenca del Pastaza (Tungurahua, Chimborazo, Cotopaxi, Morona Santiago y Pastaza) desde hace dos a\u00f1os han participado en talleres de validaci\u00f3n sobre el estudio mencionado.<\/p>\n<p style=\"text-align: justify;\">En esta reuni\u00f3n, tambi\u00e9n estuvo presente, Tob\u00edas Ati, Presidente del Gobierno Parroquial de San Juan, quien expres\u00f3 estar interesado en esta iniciativa por los cambios que ha observado en los \u00faltimos 20 a\u00f1os en su comunidad ubicada en las faldas del volc\u00e1n Chimborazo. \u201cR\u00edos corr\u00edan por nuestras tierras, ahora pasamos por per\u00edodos de sequ\u00eda prolongada o heladas, nuestras fuentes de agua han disminuido considerablemente\u201d, afirm\u00f3.<\/p>\n<p style=\"text-align: justify;\">Igualmente, las autoridades del MAE se reunieron en el GAD de Tungurahua, donde fueron recibidas por Jorge S\u00e1nchez, Director de Planificaci\u00f3n, quien a nombre de la prefectura asumi\u00f3 el reto y puso a disposici\u00f3n el equipo t\u00e9cnico para continuar con la iniciativa planteada por el MAE.<\/p>\n<p style=\"text-align: justify;\"><strong>El dato<\/strong><\/p>\n<p style=\"text-align: justify;\">El pr\u00f3ximo paso ser\u00e1 el trabajo en territorio, recolectando informaci\u00f3n y socializando la iniciativa en las parroquias que ser\u00e1n parte de este proceso de construcci\u00f3n de medidas de adaptaci\u00f3n al cambio clim\u00e1tico adecuadas a las realidades socioecon\u00f3micas y culturales.<\/p>\n<p style=\"text-align: justify;\">\u00a0<a href=\"http:\/\/www.ambienteyenergia.gob.ec\/ambiente\/wp-content\/uploads\/2013\/08\/14.jpg\"><img loading=\"lazy\" decoding=\"async\" class=\"aligncenter size-full wp-image-14379\" title=\"MAE inicia proceso de di\u00e1logo en GAD's para desarrollar planes de cambio clim\u00e1tico\" src=\"http:\/\/www.ambienteyenergia.gob.ec\/ambiente\/wp-content\/uploads\/2013\/08\/14.jpg\" alt=\"\" width=\"650\" height=\"433\" srcset=\"https:\/\/www.ambienteyenergia.gob.ec\/ambiente\/wp-content\/uploads\/sites\/2\/2013\/08\/14.jpg 650w, https:\/\/www.ambienteyenergia.gob.ec\/ambiente\/wp-content\/uploads\/sites\/2\/2013\/08\/14-300x199.jpg 300w, https:\/\/www.ambienteyenergia.gob.ec\/ambiente\/wp-content\/uploads\/sites\/2\/2013\/08\/14-450x300.jpg 450w\" sizes=\"auto, (max-width: 650px) 100vw, 650px\" \/><\/a><\/p>\n","protected":false},"excerpt":{"rendered":"<p class=\"excerpt\">El Ministerio del Ambiente (MAE), a trav\u00e9s de su proyecto Gesti\u00f3n de la Adaptaci\u00f3n al Cambio Clim\u00e1tico para disminuir la Vulnerabilidad Social, Econ\u00f3mica y Ambiental (GACC) de la Subsecretar\u00eda de Cambio Clim\u00e1tico, inici\u00f3 este 20 de agosto un di\u00e1logo con los Gobiernos Aut\u00f3nomos Descentralizados (GAD&#8217;s) de las provincias de Tungurahua y Chimborazo para iniciar el proceso de elaboraci\u00f3n de una&hellip; <a href=\"https:\/\/www.ambienteyenergia.gob.ec\/ambiente\/mae-inicia-proceso-de-dialogo-en-gads-para-desarrollar-planes-de-cambio-climatico\/\">Read more &rarr;<\/a><\/p>\n","protected":false},"author":13,"featured_media":14380,"comment_status":"open","ping_status":"open","sticky":false,"template":"","format":"standard","meta":{"footnotes":""},"categories":[16,4],"tags":[],"class_list":["post-14378","post","type-post","status-publish","format-standard","has-post-thumbnail","hentry","category-comunicamos","category-noticias","xfolkentry"],"_links":{"self":[{"href":"https:\/\/www.ambienteyenergia.gob.ec\/ambiente\/wp-json\/wp\/v2\/posts\/14378","targetHints":{"allow":["GET"]}}],"collection":[{"href":"https:\/\/www.ambienteyenergia.gob.ec\/ambiente\/wp-json\/wp\/v2\/posts"}],"about":[{"href":"https:\/\/www.ambienteyenergia.gob.ec\/ambiente\/wp-json\/wp\/v2\/types\/post"}],"author":[{"embeddable":true,"href":"https:\/\/www.ambienteyenergia.gob.ec\/ambiente\/wp-json\/wp\/v2\/users\/13"}],"replies":[{"embeddable":true,"href":"https:\/\/www.ambienteyenergia.gob.ec\/ambiente\/wp-json\/wp\/v2\/comments?post=14378"}],"version-history":[{"count":0,"href":"https:\/\/www.ambienteyenergia.gob.ec\/ambiente\/wp-json\/wp\/v2\/posts\/14378\/revisions"}],"wp:featuredmedia":[{"embeddable":true,"href":"https:\/\/www.ambienteyenergia.gob.ec\/ambiente\/wp-json\/wp\/v2\/media\/14380"}],"wp:attachment":[{"href":"https:\/\/www.ambienteyenergia.gob.ec\/ambiente\/wp-json\/wp\/v2\/media?parent=14378"}],"wp:term":[{"taxonomy":"category","embeddable":true,"href":"https:\/\/www.ambienteyenergia.gob.ec\/ambiente\/wp-json\/wp\/v2\/categories?post=14378"},{"taxonomy":"post_tag","embeddable":true,"href":"https:\/\/www.ambienteyenergia.gob.ec\/ambiente\/wp-json\/wp\/v2\/tags?post=14378"}],"curies":[{"name":"wp","href":"https:\/\/api.w.org\/{rel}","templated":true}]}}