{"id":14363,"date":"2013-08-21T09:47:12","date_gmt":"2013-08-21T14:47:12","guid":{"rendered":"http:\/\/www.ambiente.gob.ec\/?p=14363"},"modified":"2013-08-21T09:52:11","modified_gmt":"2013-08-21T14:52:11","slug":"osezno-pinocho-se-recupera-rapidamente-en-el-ecozoologico-san-martin","status":"publish","type":"post","link":"https:\/\/www.ambienteyenergia.gob.ec\/ambiente\/osezno-pinocho-se-recupera-rapidamente-en-el-ecozoologico-san-martin\/","title":{"rendered":"Osezno &#8216;Pinocho&#8217; se recupera r\u00e1pidamente en el Eco Zool\u00f3gico San Mart\u00edn"},"content":{"rendered":"<p style=\"text-align: justify;\">El osezno de anteojos \u201cPinocho\u201d\u00a0(Tremarctos\u00a0ornatus), de aproximadamente 2 meses de edad, rescatado el pasado 26 de julio por el Ministerio del Ambiente (MAE) se recupera r\u00e1pidamente. El cachorro que permanece alrededor de dos semanas en el\u00a0 Centro de Manejo de Vida Silvestre Eco Zool\u00f3gico San Mart\u00edn, ubicado en la ciudad de Ba\u00f1os de Agua Santa, provincia de Tungurahua, muestra signos de mejor\u00eda gracias a los cuidados de los especialistas.<\/p>\n<p style=\"text-align: justify;\">En este Centro de Rescate el osito recibe un manejado adecuado, una dieta \u00a0especializada que es suministrada continuamente con un biber\u00f3n que contiene zanahoria, manzana, arroz y una leche\u00a0 especial. Adem\u00e1s, el personal veterinario vigila constantemente su conducta.<\/p>\n<p style=\"text-align: justify;\">Este proceso ha permitido que el peque\u00f1o mam\u00edfero se recupere, actualmente, pesa 2,21Kg y las peque\u00f1as heridas que pose\u00eda se han curado totalmente. Adem\u00e1s, se observa un comportamiento muy activo y juguet\u00f3n dentro del recinto.<\/p>\n<p style=\"text-align: justify;\">Los funcionarios de la unidad de vida silvestre y el Parque Nacional Llanganates reportan todos los d\u00edas su estado, as\u00ed como proveen de materia vegetal de p\u00e1ramo para recrear su ambiente. Se ha adecuado un espacio de tama\u00f1o mediano cubierto de paja y hierbas con el objeto de permitirle\u00a0 caminar, explorar\u00a0 y entretenerse. El osezno est\u00e1\u00a0 aislado de la presencia de los humanos para evitar la p\u00e9rdida de su estado salvaje.<\/p>\n<p style=\"text-align: justify;\">El MAE, a trav\u00e9s de su Direcci\u00f3n Provincial en Tungurahua, realiza el seguimiento y monitoreo diario de su estado, con el fin de precautelar su salud.<\/p>\n<p style=\"text-align: justify;\">Se espera que este hermoso ejemplar se fortalezca m\u00e1s d\u00eda a d\u00eda, despierte su curiosidad, explore su alrededor\u00a0 y con el tiempo pueda desarrollar su destreza y memoria gen\u00e9tica, lo que le permita en un futuro regresar a su h\u00e1bitat.<\/p>\n<div id='gallery-1' class='gallery galleryid-14363 gallery-columns-4 gallery-size-thumbnail'><dl class='gallery-item'>\n\t\t\t<dt class='gallery-icon landscape'>\n\t\t\t\t<a href='https:\/\/www.ambienteyenergia.gob.ec\/ambiente\/osezno-pinocho-se-recupera-rapidamente-en-el-ecozoologico-san-martin\/dscn0129\/'><img loading=\"lazy\" decoding=\"async\" width=\"150\" height=\"150\" src=\"https:\/\/www.ambienteyenergia.gob.ec\/ambiente\/wp-content\/uploads\/sites\/2\/2013\/08\/DSCN0129-150x150.jpg\" class=\"attachment-thumbnail size-thumbnail\" alt=\"\" \/><\/a>\n\t\t\t<\/dt><\/dl><dl class='gallery-item'>\n\t\t\t<dt class='gallery-icon landscape'>\n\t\t\t\t<a href='https:\/\/www.ambienteyenergia.gob.ec\/ambiente\/osezno-pinocho-se-recupera-rapidamente-en-el-ecozoologico-san-martin\/dscn0112\/'><img loading=\"lazy\" decoding=\"async\" width=\"150\" height=\"150\" src=\"https:\/\/www.ambienteyenergia.gob.ec\/ambiente\/wp-content\/uploads\/sites\/2\/2013\/08\/DSCN0112-150x150.jpg\" class=\"attachment-thumbnail size-thumbnail\" alt=\"\" \/><\/a>\n\t\t\t<\/dt><\/dl><dl class='gallery-item'>\n\t\t\t<dt class='gallery-icon landscape'>\n\t\t\t\t<a href='https:\/\/www.ambienteyenergia.gob.ec\/ambiente\/osezno-pinocho-se-recupera-rapidamente-en-el-ecozoologico-san-martin\/dscn0130\/'><img loading=\"lazy\" decoding=\"async\" width=\"150\" height=\"150\" src=\"https:\/\/www.ambienteyenergia.gob.ec\/ambiente\/wp-content\/uploads\/sites\/2\/2013\/08\/DSCN0130-150x150.jpg\" class=\"attachment-thumbnail size-thumbnail\" alt=\"\" \/><\/a>\n\t\t\t<\/dt><\/dl>\n\t\t\t<br style='clear: both' \/>\n\t\t<\/div>\n\n","protected":false},"excerpt":{"rendered":"<p class=\"excerpt\">El osezno de anteojos \u201cPinocho\u201d\u00a0(Tremarctos\u00a0ornatus), de aproximadamente 2 meses de edad, rescatado el pasado 26 de julio por el Ministerio del Ambiente (MAE) se recupera r\u00e1pidamente. El cachorro que permanece alrededor de dos semanas en el\u00a0 Centro de Manejo de Vida Silvestre Eco Zool\u00f3gico San Mart\u00edn, ubicado en la ciudad de Ba\u00f1os de Agua Santa, provincia de Tungurahua, muestra signos&hellip; <a href=\"https:\/\/www.ambienteyenergia.gob.ec\/ambiente\/osezno-pinocho-se-recupera-rapidamente-en-el-ecozoologico-san-martin\/\">Read more &rarr;<\/a><\/p>\n","protected":false},"author":13,"featured_media":14364,"comment_status":"open","ping_status":"open","sticky":false,"template":"","format":"standard","meta":{"footnotes":""},"categories":[16,4],"tags":[],"class_list":["post-14363","post","type-post","status-publish","format-standard","has-post-thumbnail","hentry","category-comunicamos","category-noticias","xfolkentry"],"_links":{"self":[{"href":"https:\/\/www.ambienteyenergia.gob.ec\/ambiente\/wp-json\/wp\/v2\/posts\/14363","targetHints":{"allow":["GET"]}}],"collection":[{"href":"https:\/\/www.ambienteyenergia.gob.ec\/ambiente\/wp-json\/wp\/v2\/posts"}],"about":[{"href":"https:\/\/www.ambienteyenergia.gob.ec\/ambiente\/wp-json\/wp\/v2\/types\/post"}],"author":[{"embeddable":true,"href":"https:\/\/www.ambienteyenergia.gob.ec\/ambiente\/wp-json\/wp\/v2\/users\/13"}],"replies":[{"embeddable":true,"href":"https:\/\/www.ambienteyenergia.gob.ec\/ambiente\/wp-json\/wp\/v2\/comments?post=14363"}],"version-history":[{"count":0,"href":"https:\/\/www.ambienteyenergia.gob.ec\/ambiente\/wp-json\/wp\/v2\/posts\/14363\/revisions"}],"wp:featuredmedia":[{"embeddable":true,"href":"https:\/\/www.ambienteyenergia.gob.ec\/ambiente\/wp-json\/wp\/v2\/media\/14364"}],"wp:attachment":[{"href":"https:\/\/www.ambienteyenergia.gob.ec\/ambiente\/wp-json\/wp\/v2\/media?parent=14363"}],"wp:term":[{"taxonomy":"category","embeddable":true,"href":"https:\/\/www.ambienteyenergia.gob.ec\/ambiente\/wp-json\/wp\/v2\/categories?post=14363"},{"taxonomy":"post_tag","embeddable":true,"href":"https:\/\/www.ambienteyenergia.gob.ec\/ambiente\/wp-json\/wp\/v2\/tags?post=14363"}],"curies":[{"name":"wp","href":"https:\/\/api.w.org\/{rel}","templated":true}]}}