{"id":14360,"date":"2013-08-21T08:38:30","date_gmt":"2013-08-21T13:38:30","guid":{"rendered":"http:\/\/www.ambiente.gob.ec\/?p=14360"},"modified":"2013-08-21T08:38:30","modified_gmt":"2013-08-21T13:38:30","slug":"mae-capacita-a-bomberos-sobre-trafico-ilegal-de-especies-de-vida-silvestre-en-manabi","status":"publish","type":"post","link":"https:\/\/www.ambienteyenergia.gob.ec\/ambiente\/mae-capacita-a-bomberos-sobre-trafico-ilegal-de-especies-de-vida-silvestre-en-manabi\/","title":{"rendered":"MAE capacita a bomberos sobre tr\u00e1fico ilegal de especies de vida silvestre en Manab\u00ed"},"content":{"rendered":"<p style=\"text-align: justify;\">Con el objetivo de capacitar al personal de bomberos de la provincia de Manab\u00ed, el Ministerio del Ambiente (MAE) imparti\u00f3 una serie de conferencias sobre conceptos b\u00e1sicos de vida silvestre, tr\u00e1fico de fauna, manejo de las especies durante el rescate, razones sobre la prohibici\u00f3n de la tenencia ilegal, transmisi\u00f3n de enfermedades y rehabilitaci\u00f3n de animales en los centros de manejo. Las capacitaciones se llevaron a cabo el pasado 19 de agosto, en el auditorio de la Universidad Escuela Superior Polit\u00e9cnica Agropecuaria Manab\u00ed (ESPAM) de Calceta.<\/p>\n<p style=\"text-align: justify;\">Esta actividad se bas\u00f3 en la Ley Forestal y el Texto Unificado de Legislaci\u00f3n Ambienta (TULAS), que en su art\u00edculo 5 estipulado en el Libro IV de la Biodiversidad, indica que se debe capacitar a las instituciones que colaboren con el rescate y conservaci\u00f3n de la fauna silvestre.<\/p>\n<p style=\"text-align: justify;\">Julia Cordero, t\u00e9cnica del MAE, transmiti\u00f3 sus conocimientos a \u00a0los bomberos de los cantones\u00a0 Bol\u00edvar, Jun\u00edn, Tosagua, Sucre, San Vicente, Flavio Alfaro y Chone, quienes participaron activamente del taller.<\/p>\n<p style=\"text-align: justify;\">\u00c1ngelo Traverso, coordinador zonal 4 del Ministerio del Ambiente, inform\u00f3 que esta Cartera de Estado, dentro de su misi\u00f3n tiene a cargo fortalecer el conocimiento sobre la prohibici\u00f3n de la tenencia ilegal de las especies silvestres nativas del pa\u00eds. \u201cEn la actualidad, el tr\u00e1fico mundial de especies se encuentra en segundo lugar despu\u00e9s del tr\u00e1fico de armas, siendo esto una de las causas m\u00e1s graves para la destrucci\u00f3n de la fauna silvestre\u201d, expres\u00f3.<\/p>\n<p style=\"text-align: justify;\">Por esta raz\u00f3n, inst\u00f3 a los bomberos que cuando retengan alg\u00fan animal de vida silvestre lo trasladen de inmediato al centro de rescate de la Universidad T\u00e9cnica de Manab\u00ed, donde el veterinario luego de la evaluaci\u00f3n pondr\u00e1 en recuperaci\u00f3n al animal, para su posterior liberaci\u00f3n a su h\u00e1bitat.<\/p>\n<p style=\"text-align: justify;\">Leonel Rivero, jefe del cuerpo de bomberos de San Vicente, manifest\u00f3 que son varias las ocasiones que han encontrado fauna silvestre, pero no conoc\u00edan que exist\u00eda un centro de rescate animal, por lo que en lo posterior coordinaran los operativos con el personal de la Unidad de Polic\u00eda de Medio Ambiente (UPMA).<\/p>\n<p style=\"text-align: justify;\">Para el 9 de septiembre est\u00e1 previsto realizar el segundo taller donde participaran las brigadas de bomberos de Pedernales, Jama y El Carmen y el 27 del mismo mes se capacitar\u00e1 a personal de Portoviejo, Santa Ana, Rocafuerte, Manta, 24 de Mayo, Jipijapa, Paj\u00e1n, Puerto L\u00f3pez y Montecristi.<\/p>\n<p>&nbsp;<\/p>\n","protected":false},"excerpt":{"rendered":"<p class=\"excerpt\">Con el objetivo de capacitar al personal de bomberos de la provincia de Manab\u00ed, el Ministerio del Ambiente (MAE) imparti\u00f3 una serie de conferencias sobre conceptos b\u00e1sicos de vida silvestre, tr\u00e1fico de fauna, manejo de las especies durante el rescate, razones sobre la prohibici\u00f3n de la tenencia ilegal, transmisi\u00f3n de enfermedades y rehabilitaci\u00f3n de animales en los centros de manejo.&hellip; <a href=\"https:\/\/www.ambienteyenergia.gob.ec\/ambiente\/mae-capacita-a-bomberos-sobre-trafico-ilegal-de-especies-de-vida-silvestre-en-manabi\/\">Read more &rarr;<\/a><\/p>\n","protected":false},"author":13,"featured_media":14361,"comment_status":"open","ping_status":"open","sticky":false,"template":"","format":"standard","meta":{"footnotes":""},"categories":[16,4],"tags":[],"class_list":["post-14360","post","type-post","status-publish","format-standard","has-post-thumbnail","hentry","category-comunicamos","category-noticias","xfolkentry"],"_links":{"self":[{"href":"https:\/\/www.ambienteyenergia.gob.ec\/ambiente\/wp-json\/wp\/v2\/posts\/14360","targetHints":{"allow":["GET"]}}],"collection":[{"href":"https:\/\/www.ambienteyenergia.gob.ec\/ambiente\/wp-json\/wp\/v2\/posts"}],"about":[{"href":"https:\/\/www.ambienteyenergia.gob.ec\/ambiente\/wp-json\/wp\/v2\/types\/post"}],"author":[{"embeddable":true,"href":"https:\/\/www.ambienteyenergia.gob.ec\/ambiente\/wp-json\/wp\/v2\/users\/13"}],"replies":[{"embeddable":true,"href":"https:\/\/www.ambienteyenergia.gob.ec\/ambiente\/wp-json\/wp\/v2\/comments?post=14360"}],"version-history":[{"count":0,"href":"https:\/\/www.ambienteyenergia.gob.ec\/ambiente\/wp-json\/wp\/v2\/posts\/14360\/revisions"}],"wp:featuredmedia":[{"embeddable":true,"href":"https:\/\/www.ambienteyenergia.gob.ec\/ambiente\/wp-json\/wp\/v2\/media\/14361"}],"wp:attachment":[{"href":"https:\/\/www.ambienteyenergia.gob.ec\/ambiente\/wp-json\/wp\/v2\/media?parent=14360"}],"wp:term":[{"taxonomy":"category","embeddable":true,"href":"https:\/\/www.ambienteyenergia.gob.ec\/ambiente\/wp-json\/wp\/v2\/categories?post=14360"},{"taxonomy":"post_tag","embeddable":true,"href":"https:\/\/www.ambienteyenergia.gob.ec\/ambiente\/wp-json\/wp\/v2\/tags?post=14360"}],"curies":[{"name":"wp","href":"https:\/\/api.w.org\/{rel}","templated":true}]}}