{"id":14349,"date":"2013-08-20T12:50:30","date_gmt":"2013-08-20T17:50:30","guid":{"rendered":"http:\/\/www.ambiente.gob.ec\/?p=14349"},"modified":"2013-08-21T07:49:28","modified_gmt":"2013-08-21T12:49:28","slug":"autoridad-ambiental-esta-comprometida-con-el-control-y-fiscalizacion-del-desarrollo-petrolero-en-el-bloque-43","status":"publish","type":"post","link":"https:\/\/www.ambienteyenergia.gob.ec\/ambiente\/autoridad-ambiental-esta-comprometida-con-el-control-y-fiscalizacion-del-desarrollo-petrolero-en-el-bloque-43\/","title":{"rendered":"Autoridad Ambiental est\u00e1 comprometida con el control y fiscalizaci\u00f3n del desarrollo petrolero en el Bloque 43"},"content":{"rendered":"<p style=\"text-align: justify;\">La Ministra del Ambiente, Lorena Tapia, inform\u00f3 a varios medios de comunicaci\u00f3n en esta semana, la posici\u00f3n del Ministerio del Ambiente (MAE), frente a la explotaci\u00f3n del Bloque 43.\u201cCumpliremos las m\u00e1s r\u00edgidas normativas ecuatorianas y est\u00e1ndares internacionales para un desarrollo responsable\u201d, enfatiz\u00f3.<\/p>\n<p style=\"text-align: justify;\">Asimismo, se\u00f1al\u00f3 que no se est\u00e1 hablando de una Autoridad Ambiental que como en el pasado permiti\u00f3 que existan una cantidad de pasivos ambientales y sociales. \u201cAhora existe una normativa adecuada y la voluntad pol\u00edtica del Gobierno para defender los recursos naturales de una forma eficiente\u201d.<\/p>\n<p style=\"text-align: justify;\">Para ello, el Ecuador replicar\u00e1 una de las herramientas m\u00e1s utilizadas a nivel internacional como la Evaluaci\u00f3n Ambiental Estrat\u00e9gica, que ser\u00e1 utilizada para levantar una informaci\u00f3n ambiental social y econ\u00f3mica clara, para que tanto el MAE como el regulado tengan las reglas claras sobre que indicadores se deben tomar en cuenta.<\/p>\n<p style=\"text-align: justify;\">La Autoridad Ambiental actual est\u00e1 plenamente fortalecida y comprometida con el control y fiscalizaci\u00f3n, en el caso que se de paso al desarrollo petrolero en el Bloque 43. El MAE garantizar\u00e1 un proceso sostenible con acciones concretas, reconociendo los derechos de la naturaleza y de las personas. \u201cNo cabe hablar de una gesti\u00f3n ambiental eficiente si el componente social no es atendido\u201d, afirm\u00f3 Tapia.<\/p>\n<p style=\"text-align: justify;\">La actividad petrolera est\u00e1 calificada por la Autoridad Ambiental como una actividad de alto riesgo e impacto, por lo que hay la necesidad de plantear estudios ambientales a cada una de las fases del proceso y as\u00ed lo har\u00e1 el MAE, a trav\u00e9s de sus mecanismos de control. Tapia insisti\u00f3 en que no escatimar\u00e1n esfuerzos para el cuidado y preservaci\u00f3n ambiental y para minimizar el impacto de la actividad en esa zona del pa\u00eds.<\/p>\n<p style=\"text-align: justify;\">En ese sentido, los diferentes ministerios tendr\u00e1n que emitir informes, entre ellos, el Ministerio del Ambiente. Este informe ser\u00e1 de car\u00e1cter jur\u00eddico-t\u00e9cnico y en este se recoger\u00e1 toda la normativa ambiental y legal vigente (Constituci\u00f3n, Ley de Gesti\u00f3n Ambiental, Reglamento de la Operaci\u00f3n Hidrocarbur\u00edfica), en la que se describe con exactitud cu\u00e1les son los pasos que hay que seguir desde el punto de vista ambiental, en caso de ser autorizada por la Asamblea Nacional.<\/p>\n<p style=\"text-align: justify;\">\u201cEl Ministerio del Ambiente no va escatimar recursos ni econ\u00f3micos ni humanos para trabajar con los mejores est\u00e1ndares de seguimiento y apoyarnos en la mejor tecnolog\u00eda nacional e internacional para que el impacto que pudiera generarse tanto ambiental como social en el \u00e1rea de influencia del proyecto sea el m\u00ednimo y sea controlado\u201d, asegur\u00f3 la Secretaria de Estado.<\/p>\n<p style=\"text-align: justify;\">Pretendemos que este sea uno de los proyectos ejemplo a nivel internacional, de c\u00f3mo el Ecuador aborda la explotaci\u00f3n de recursos estrat\u00e9gicos como el caso del petr\u00f3leo. Por eso se ha invitado a la vedur\u00eda nacional e internacional que puedan validar los procesos que seguiremos.<\/p>\n<div style=\"text-align: justify;\"><\/div>\n","protected":false},"excerpt":{"rendered":"<p class=\"excerpt\">La Ministra del Ambiente, Lorena Tapia, inform\u00f3 a varios medios de comunicaci\u00f3n en esta semana, la posici\u00f3n del Ministerio del Ambiente (MAE), frente a la explotaci\u00f3n del Bloque 43.\u201cCumpliremos las m\u00e1s r\u00edgidas normativas ecuatorianas y est\u00e1ndares internacionales para un desarrollo responsable\u201d, enfatiz\u00f3. Asimismo, se\u00f1al\u00f3 que no se est\u00e1 hablando de una Autoridad Ambiental que como en el pasado permiti\u00f3 que&hellip; <a href=\"https:\/\/www.ambienteyenergia.gob.ec\/ambiente\/autoridad-ambiental-esta-comprometida-con-el-control-y-fiscalizacion-del-desarrollo-petrolero-en-el-bloque-43\/\">Read more &rarr;<\/a><\/p>\n","protected":false},"author":13,"featured_media":14350,"comment_status":"open","ping_status":"open","sticky":false,"template":"","format":"standard","meta":{"footnotes":""},"categories":[16,4,10],"tags":[],"class_list":["post-14349","post","type-post","status-publish","format-standard","has-post-thumbnail","hentry","category-comunicamos","category-noticias","category-noticias-destacadas","xfolkentry"],"_links":{"self":[{"href":"https:\/\/www.ambienteyenergia.gob.ec\/ambiente\/wp-json\/wp\/v2\/posts\/14349","targetHints":{"allow":["GET"]}}],"collection":[{"href":"https:\/\/www.ambienteyenergia.gob.ec\/ambiente\/wp-json\/wp\/v2\/posts"}],"about":[{"href":"https:\/\/www.ambienteyenergia.gob.ec\/ambiente\/wp-json\/wp\/v2\/types\/post"}],"author":[{"embeddable":true,"href":"https:\/\/www.ambienteyenergia.gob.ec\/ambiente\/wp-json\/wp\/v2\/users\/13"}],"replies":[{"embeddable":true,"href":"https:\/\/www.ambienteyenergia.gob.ec\/ambiente\/wp-json\/wp\/v2\/comments?post=14349"}],"version-history":[{"count":0,"href":"https:\/\/www.ambienteyenergia.gob.ec\/ambiente\/wp-json\/wp\/v2\/posts\/14349\/revisions"}],"wp:featuredmedia":[{"embeddable":true,"href":"https:\/\/www.ambienteyenergia.gob.ec\/ambiente\/wp-json\/wp\/v2\/media\/14350"}],"wp:attachment":[{"href":"https:\/\/www.ambienteyenergia.gob.ec\/ambiente\/wp-json\/wp\/v2\/media?parent=14349"}],"wp:term":[{"taxonomy":"category","embeddable":true,"href":"https:\/\/www.ambienteyenergia.gob.ec\/ambiente\/wp-json\/wp\/v2\/categories?post=14349"},{"taxonomy":"post_tag","embeddable":true,"href":"https:\/\/www.ambienteyenergia.gob.ec\/ambiente\/wp-json\/wp\/v2\/tags?post=14349"}],"curies":[{"name":"wp","href":"https:\/\/api.w.org\/{rel}","templated":true}]}}