{"id":14343,"date":"2013-08-20T09:47:12","date_gmt":"2013-08-20T14:47:12","guid":{"rendered":"http:\/\/www.ambiente.gob.ec\/?p=14343"},"modified":"2013-08-20T09:47:12","modified_gmt":"2013-08-20T14:47:12","slug":"mae-supervisa-trabajos-de-poda-y-reubicacion-de-arboles-en-la-puntilla-guayas","status":"publish","type":"post","link":"https:\/\/www.ambienteyenergia.gob.ec\/ambiente\/mae-supervisa-trabajos-de-poda-y-reubicacion-de-arboles-en-la-puntilla-guayas\/","title":{"rendered":"MAE supervisa trabajos de poda y reubicaci\u00f3n de \u00e1rboles en la Puntilla (Guayas)"},"content":{"rendered":"<p style=\"text-align: justify;\">El Ministerio del Ambiente (MAE), a trav\u00e9s de la Direcci\u00f3n Provincial de Guayas (DPAG), supervisa las labores de poda, reemplazo y reubicaci\u00f3n de \u00e1rboles que obstruyen el cableado a lo largo de 10 km de la v\u00eda a Samborond\u00f3n, desde el Ecu 911 hasta la Urbanizaci\u00f3n Ciudad Celeste.<\/p>\n<p style=\"text-align: justify;\">Estas labores son emprendidas por el Consejo Nacional de Electricidad y el Municipio de Samborond\u00f3n, con el fin de acabar con las variaciones de voltaje que estaba generando el contacto de las ramas de los \u00e1rboles y palmeras en la zona.<\/p>\n<p style=\"text-align: justify;\">Un total de 777 plantas ornamentales y arb\u00f3reas, como palma botella, palma hilo, palma sica, sam\u00e1n, fruta de pan, mango, nim, acacias, cabebuya, secoya, cebra, etc., obstruyen el tendido el\u00e9ctrico.<\/p>\n<p style=\"text-align: justify;\">T\u00e9cnicos de la DPAG explicaron que debido al gran desarrollo vertical caracter\u00edstico de estas plantas arb\u00f3reas y ornamentales que se utilizaron, estas deber\u00e1n ser reemplazadas por arbustos como el olivo negro, crot\u00f3n monalisa y palma sica, entre otros.<\/p>\n<p style=\"text-align: justify;\">No obstante, la Direcci\u00f3n de Ambiente del Municipio de Samborond\u00f3n es la responsable directa de las acciones de ornato y embellecimiento de la v\u00eda, a trav\u00e9s de las ordenanzas que dispongan la distancia adecuada y el tipo de especies a utilizar.<\/p>\n<p style=\"text-align: justify;\">Los trabajos de poda deber\u00e1n ser de una forma t\u00e9cnica y est\u00e9tica adecuada, para que los \u00e1rboles no pierdan sus funciones ambientales.<\/p>\n<p style=\"text-align: justify;\">\n","protected":false},"excerpt":{"rendered":"<p class=\"excerpt\">El Ministerio del Ambiente (MAE), a trav\u00e9s de la Direcci\u00f3n Provincial de Guayas (DPAG), supervisa las labores de poda, reemplazo y reubicaci\u00f3n de \u00e1rboles que obstruyen el cableado a lo largo de 10 km de la v\u00eda a Samborond\u00f3n, desde el Ecu 911 hasta la Urbanizaci\u00f3n Ciudad Celeste. Estas labores son emprendidas por el Consejo Nacional de Electricidad y el&hellip; <a href=\"https:\/\/www.ambienteyenergia.gob.ec\/ambiente\/mae-supervisa-trabajos-de-poda-y-reubicacion-de-arboles-en-la-puntilla-guayas\/\">Read more &rarr;<\/a><\/p>\n","protected":false},"author":13,"featured_media":14344,"comment_status":"open","ping_status":"open","sticky":false,"template":"","format":"standard","meta":{"footnotes":""},"categories":[16,4],"tags":[],"class_list":["post-14343","post","type-post","status-publish","format-standard","has-post-thumbnail","hentry","category-comunicamos","category-noticias","xfolkentry"],"_links":{"self":[{"href":"https:\/\/www.ambienteyenergia.gob.ec\/ambiente\/wp-json\/wp\/v2\/posts\/14343","targetHints":{"allow":["GET"]}}],"collection":[{"href":"https:\/\/www.ambienteyenergia.gob.ec\/ambiente\/wp-json\/wp\/v2\/posts"}],"about":[{"href":"https:\/\/www.ambienteyenergia.gob.ec\/ambiente\/wp-json\/wp\/v2\/types\/post"}],"author":[{"embeddable":true,"href":"https:\/\/www.ambienteyenergia.gob.ec\/ambiente\/wp-json\/wp\/v2\/users\/13"}],"replies":[{"embeddable":true,"href":"https:\/\/www.ambienteyenergia.gob.ec\/ambiente\/wp-json\/wp\/v2\/comments?post=14343"}],"version-history":[{"count":0,"href":"https:\/\/www.ambienteyenergia.gob.ec\/ambiente\/wp-json\/wp\/v2\/posts\/14343\/revisions"}],"wp:featuredmedia":[{"embeddable":true,"href":"https:\/\/www.ambienteyenergia.gob.ec\/ambiente\/wp-json\/wp\/v2\/media\/14344"}],"wp:attachment":[{"href":"https:\/\/www.ambienteyenergia.gob.ec\/ambiente\/wp-json\/wp\/v2\/media?parent=14343"}],"wp:term":[{"taxonomy":"category","embeddable":true,"href":"https:\/\/www.ambienteyenergia.gob.ec\/ambiente\/wp-json\/wp\/v2\/categories?post=14343"},{"taxonomy":"post_tag","embeddable":true,"href":"https:\/\/www.ambienteyenergia.gob.ec\/ambiente\/wp-json\/wp\/v2\/tags?post=14343"}],"curies":[{"name":"wp","href":"https:\/\/api.w.org\/{rel}","templated":true}]}}