{"id":14332,"date":"2013-08-19T16:00:57","date_gmt":"2013-08-19T21:00:57","guid":{"rendered":"http:\/\/www.ambiente.gob.ec\/?p=14332"},"modified":"2013-08-19T16:00:57","modified_gmt":"2013-08-19T21:00:57","slug":"chimborazo-finaliza-con-exito-la-segunda-jornada-de-ecotalleres","status":"publish","type":"post","link":"https:\/\/www.ambienteyenergia.gob.ec\/ambiente\/chimborazo-finaliza-con-exito-la-segunda-jornada-de-ecotalleres\/","title":{"rendered":"Chimborazo finaliza con \u00e9xito la segunda jornada de ecotalleres"},"content":{"rendered":"<p style=\"text-align: justify;\">Hoy, el Ministerio del Ambiente (MAE), a trav\u00e9s de la Direcci\u00f3n Provincial de Chimborazo, cumpli\u00f3 el proceso de capacitaci\u00f3n de ecotalleres con la evaluaci\u00f3n en la parroquia San Andr\u00e9s. La finalidad fue formar a l\u00edderes comunitarios en las parroquias rurales del pa\u00eds, como parte del convenio de Cooperaci\u00f3n Interinstitucional suscrito entre el MAE y el Consejo Nacional de Gobierno Parroquiales Rurales del Ecuador (CONAGOPARE). Chimborazo es la segunda provincia en culminar este proceso.<\/p>\n<p style=\"text-align: justify;\">El Sargento Nelson Topa, delegado de la Escuela Superior Polit\u00e9cnica del Ejercito (ESPE), fue el responsable de ejecutar la evaluaci\u00f3n y de certificar el proceso de formaci\u00f3n en el pa\u00eds.<\/p>\n<p style=\"text-align: justify;\">La formaci\u00f3n y preparaci\u00f3n dirigida por T\u00e9cnicos del MAE, tuvo una duraci\u00f3n aproximada de 3 meses, a ella asistieron 18 participantes de diferentes grupos sociales que compartieron experiencias ambientales cercanas a su realidad y plantearon alternativas de mitigaci\u00f3n para los conflictos ambientales de su provincia.<\/p>\n<p style=\"text-align: justify;\">Al finalizar la jornada de evaluaci\u00f3n el presidente del GAD Parroquial Milton Bravo, felicit\u00f3 al MAE por las iniciativas emprendidas para la protecci\u00f3n y conservaci\u00f3n del entorno natural.<\/p>\n<p style=\"text-align: justify;\">Por su parte la Direcci\u00f3n Provincial agradeci\u00f3 la acogida y el compromiso de los participantes e invit\u00f3 a aplicar en conjunto proyectos socioambientales en su comunidad.<\/p>\n<p style=\"text-align: justify;\">Chimborazo cumple con el Plan Nacional de Educaci\u00f3n Ambiental establecido por el Gobierno; la primera parroquia en culminar fue Achupallas con 37 personas y ahora con 18 en la parroquia de San Andr\u00e9s, sumando un total de 55 ciudadanos comprometidos con el ambiente.<\/p>\n","protected":false},"excerpt":{"rendered":"<p class=\"excerpt\">Hoy, el Ministerio del Ambiente (MAE), a trav\u00e9s de la Direcci\u00f3n Provincial de Chimborazo, cumpli\u00f3 el proceso de capacitaci\u00f3n de ecotalleres con la evaluaci\u00f3n en la parroquia San Andr\u00e9s. La finalidad fue formar a l\u00edderes comunitarios en las parroquias rurales del pa\u00eds, como parte del convenio de Cooperaci\u00f3n Interinstitucional suscrito entre el MAE y el Consejo Nacional de Gobierno Parroquiales&hellip; <a href=\"https:\/\/www.ambienteyenergia.gob.ec\/ambiente\/chimborazo-finaliza-con-exito-la-segunda-jornada-de-ecotalleres\/\">Read more &rarr;<\/a><\/p>\n","protected":false},"author":13,"featured_media":14333,"comment_status":"open","ping_status":"open","sticky":false,"template":"","format":"standard","meta":{"footnotes":""},"categories":[16,4],"tags":[],"class_list":["post-14332","post","type-post","status-publish","format-standard","has-post-thumbnail","hentry","category-comunicamos","category-noticias","xfolkentry"],"_links":{"self":[{"href":"https:\/\/www.ambienteyenergia.gob.ec\/ambiente\/wp-json\/wp\/v2\/posts\/14332","targetHints":{"allow":["GET"]}}],"collection":[{"href":"https:\/\/www.ambienteyenergia.gob.ec\/ambiente\/wp-json\/wp\/v2\/posts"}],"about":[{"href":"https:\/\/www.ambienteyenergia.gob.ec\/ambiente\/wp-json\/wp\/v2\/types\/post"}],"author":[{"embeddable":true,"href":"https:\/\/www.ambienteyenergia.gob.ec\/ambiente\/wp-json\/wp\/v2\/users\/13"}],"replies":[{"embeddable":true,"href":"https:\/\/www.ambienteyenergia.gob.ec\/ambiente\/wp-json\/wp\/v2\/comments?post=14332"}],"version-history":[{"count":0,"href":"https:\/\/www.ambienteyenergia.gob.ec\/ambiente\/wp-json\/wp\/v2\/posts\/14332\/revisions"}],"wp:featuredmedia":[{"embeddable":true,"href":"https:\/\/www.ambienteyenergia.gob.ec\/ambiente\/wp-json\/wp\/v2\/media\/14333"}],"wp:attachment":[{"href":"https:\/\/www.ambienteyenergia.gob.ec\/ambiente\/wp-json\/wp\/v2\/media?parent=14332"}],"wp:term":[{"taxonomy":"category","embeddable":true,"href":"https:\/\/www.ambienteyenergia.gob.ec\/ambiente\/wp-json\/wp\/v2\/categories?post=14332"},{"taxonomy":"post_tag","embeddable":true,"href":"https:\/\/www.ambienteyenergia.gob.ec\/ambiente\/wp-json\/wp\/v2\/tags?post=14332"}],"curies":[{"name":"wp","href":"https:\/\/api.w.org\/{rel}","templated":true}]}}