{"id":14327,"date":"2013-08-19T14:31:48","date_gmt":"2013-08-19T19:31:48","guid":{"rendered":"http:\/\/www.ambiente.gob.ec\/?p=14327"},"modified":"2013-08-19T14:31:48","modified_gmt":"2013-08-19T19:31:48","slug":"seis-especies-de-fauna-silvestre-fueron-decomisadas-en-napo","status":"publish","type":"post","link":"https:\/\/www.ambienteyenergia.gob.ec\/ambiente\/seis-especies-de-fauna-silvestre-fueron-decomisadas-en-napo\/","title":{"rendered":"Seis especies de fauna silvestre fueron decomisadas en Napo"},"content":{"rendered":"<p style=\"text-align: justify;\">El Ministerio del Ambiente (MAE), el pasado 15 de agosto, decomis\u00f3 seis espec\u00edmenes de vida silvestre en el sector Chaupishungo, en la provincia de Napo. Esto como parte de un operativo de control de vida silvestre en las principales v\u00edas de la provincia. El objetivo fue identificar el tr\u00e1fico y comercializaci\u00f3n ilegal de la flora y fauna silvestre.<\/p>\n<p style=\"text-align: justify;\">El operativo fue realizado por personal t\u00e9cnico, guardaparques del Parque Nacional Sumaco Napo Galeras y la Reserva Ecol\u00f3gica Antisana, con apoyo de la Unidad de Protecci\u00f3n del Medio Ambiente de la Polic\u00eda Nacional (UPMA) y Guardia Forestal.<\/p>\n<p style=\"text-align: justify;\">Tras una denuncia \u00a0los funcionarios del MAE se trasladaron hasta las caba\u00f1as de Chaupisungo, donde se constat\u00f3 la presencia de dos b\u00fahos de anteojos, un paujil, dos tortugas motelo y una tortuga taparrabo.<\/p>\n<p style=\"text-align: justify;\">Los animales propios de la Amazon\u00eda, se encontraban en jaulas no adecuadas, por lo que inmediatamente se ejecut\u00f3 el decomiso. Antes, se explic\u00f3 al due\u00f1o del predio que la tenencia ilegal de fauna silvestre es un delito.<\/p>\n<p style=\"text-align: justify;\">Los\u00a0 ejemplares\u00a0 fueron trasladados hasta el centro de Rescate Amazoonico, donde Alejandro Striedinger, m\u00e9dico veterinario, los examin\u00f3 y evidenci\u00f3 que el b\u00faho hembra presenta una lesi\u00f3n en su ojo derecho. Asimismo, el paujil y b\u00faho macho ten\u00edan sus alas desgastadas y en mal estado.<\/p>\n<p style=\"text-align: justify;\">Al momento, los espec\u00edmenes permanecen en cuarentena, para recibir un adecuado tratamiento de rehabilitaci\u00f3n. M\u00e1s adelante, se determinar\u00e1 si es conveniente reinsertarlos en su h\u00e1bitat natural.<\/p>\n<p style=\"text-align: justify;\">La Direcci\u00f3n Provincial de Napo realiza constantes capacitaciones con la finalidad de incentivar en la\u00a0 poblaci\u00f3n al cuidado de la fauna amaz\u00f3nica.<\/p>\n<p style=\"text-align: justify;\"><strong>El dato<\/strong><\/p>\n<p style=\"text-align: justify;\">Los B\u00fahos de anteojos y tortugas motelos se\u00a0 encuentran\u00a0 en el ap\u00e9ndice II de la Convenci\u00f3n sobre el Comercio Internacional de Especies Amenazadas de Fauna y Flora Silvestres (CITES), lo que quiere decir que son especies que a pesar de no estar en peligro de extinci\u00f3n pueden llegar a estarlo si no se regula su comercio.<\/p>\n<div id='gallery-1' class='gallery galleryid-14327 gallery-columns-4 gallery-size-thumbnail'><dl class='gallery-item'>\n\t\t\t<dt class='gallery-icon landscape'>\n\t\t\t\t<a href='https:\/\/www.ambienteyenergia.gob.ec\/ambiente\/seis-especies-de-fauna-silvestre-fueron-decomisadas-en-napo\/jharo-213\/'><img loading=\"lazy\" decoding=\"async\" width=\"150\" height=\"150\" src=\"https:\/\/www.ambienteyenergia.gob.ec\/ambiente\/wp-content\/uploads\/sites\/2\/2013\/08\/JHaro-213-150x150.jpg\" class=\"attachment-thumbnail size-thumbnail\" alt=\"\" \/><\/a>\n\t\t\t<\/dt><\/dl><dl class='gallery-item'>\n\t\t\t<dt class='gallery-icon landscape'>\n\t\t\t\t<a href='https:\/\/www.ambienteyenergia.gob.ec\/ambiente\/seis-especies-de-fauna-silvestre-fueron-decomisadas-en-napo\/jharo-202\/'><img loading=\"lazy\" decoding=\"async\" width=\"150\" height=\"150\" src=\"https:\/\/www.ambienteyenergia.gob.ec\/ambiente\/wp-content\/uploads\/sites\/2\/2013\/08\/JHaro-202-150x150.jpg\" class=\"attachment-thumbnail size-thumbnail\" alt=\"\" \/><\/a>\n\t\t\t<\/dt><\/dl><dl class='gallery-item'>\n\t\t\t<dt class='gallery-icon landscape'>\n\t\t\t\t<a href='https:\/\/www.ambienteyenergia.gob.ec\/ambiente\/seis-especies-de-fauna-silvestre-fueron-decomisadas-en-napo\/p1060102\/'><img loading=\"lazy\" decoding=\"async\" width=\"150\" height=\"150\" src=\"https:\/\/www.ambienteyenergia.gob.ec\/ambiente\/wp-content\/uploads\/sites\/2\/2013\/08\/P1060102-150x150.jpg\" class=\"attachment-thumbnail size-thumbnail\" alt=\"\" \/><\/a>\n\t\t\t<\/dt><\/dl>\n\t\t\t<br style='clear: both' \/>\n\t\t<\/div>\n\n","protected":false},"excerpt":{"rendered":"<p class=\"excerpt\">El Ministerio del Ambiente (MAE), el pasado 15 de agosto, decomis\u00f3 seis espec\u00edmenes de vida silvestre en el sector Chaupishungo, en la provincia de Napo. Esto como parte de un operativo de control de vida silvestre en las principales v\u00edas de la provincia. El objetivo fue identificar el tr\u00e1fico y comercializaci\u00f3n ilegal de la flora y fauna silvestre. El operativo&hellip; <a href=\"https:\/\/www.ambienteyenergia.gob.ec\/ambiente\/seis-especies-de-fauna-silvestre-fueron-decomisadas-en-napo\/\">Read more &rarr;<\/a><\/p>\n","protected":false},"author":13,"featured_media":14330,"comment_status":"open","ping_status":"open","sticky":false,"template":"","format":"standard","meta":{"footnotes":""},"categories":[16,4],"tags":[],"class_list":["post-14327","post","type-post","status-publish","format-standard","has-post-thumbnail","hentry","category-comunicamos","category-noticias","xfolkentry"],"_links":{"self":[{"href":"https:\/\/www.ambienteyenergia.gob.ec\/ambiente\/wp-json\/wp\/v2\/posts\/14327","targetHints":{"allow":["GET"]}}],"collection":[{"href":"https:\/\/www.ambienteyenergia.gob.ec\/ambiente\/wp-json\/wp\/v2\/posts"}],"about":[{"href":"https:\/\/www.ambienteyenergia.gob.ec\/ambiente\/wp-json\/wp\/v2\/types\/post"}],"author":[{"embeddable":true,"href":"https:\/\/www.ambienteyenergia.gob.ec\/ambiente\/wp-json\/wp\/v2\/users\/13"}],"replies":[{"embeddable":true,"href":"https:\/\/www.ambienteyenergia.gob.ec\/ambiente\/wp-json\/wp\/v2\/comments?post=14327"}],"version-history":[{"count":0,"href":"https:\/\/www.ambienteyenergia.gob.ec\/ambiente\/wp-json\/wp\/v2\/posts\/14327\/revisions"}],"wp:featuredmedia":[{"embeddable":true,"href":"https:\/\/www.ambienteyenergia.gob.ec\/ambiente\/wp-json\/wp\/v2\/media\/14330"}],"wp:attachment":[{"href":"https:\/\/www.ambienteyenergia.gob.ec\/ambiente\/wp-json\/wp\/v2\/media?parent=14327"}],"wp:term":[{"taxonomy":"category","embeddable":true,"href":"https:\/\/www.ambienteyenergia.gob.ec\/ambiente\/wp-json\/wp\/v2\/categories?post=14327"},{"taxonomy":"post_tag","embeddable":true,"href":"https:\/\/www.ambienteyenergia.gob.ec\/ambiente\/wp-json\/wp\/v2\/tags?post=14327"}],"curies":[{"name":"wp","href":"https:\/\/api.w.org\/{rel}","templated":true}]}}