{"id":14316,"date":"2013-08-19T11:47:14","date_gmt":"2013-08-19T16:47:14","guid":{"rendered":"http:\/\/www.ambiente.gob.ec\/?p=14316"},"modified":"2013-08-19T11:47:14","modified_gmt":"2013-08-19T16:47:14","slug":"ii-fase-del-proyecto-ecotalleres-se-inauguro-en-cotopaxi","status":"publish","type":"post","link":"https:\/\/www.ambienteyenergia.gob.ec\/ambiente\/ii-fase-del-proyecto-ecotalleres-se-inauguro-en-cotopaxi\/","title":{"rendered":"II fase del proyecto Ecotalleres se inaugur\u00f3 en Cotopaxi"},"content":{"rendered":"<p style=\"text-align: justify;\">El Ministerio del Ambiente (MAE), el pasado 14 de agosto, inaugur\u00f3 la segunda fase del proyecto Ecotalleres, en el infocentro de la parroquia Al\u00e1quez, provincia de Cotopaxi. El objetivo de esta iniciativa es formar l\u00edderes ambientales que sepan dar soluci\u00f3n a los conflictos locales.<\/p>\n<p style=\"text-align: justify;\">La capacitaci\u00f3n se realiza a trav\u00e9s de un proceso de educaci\u00f3n ambiental no formal y est\u00e1 dedicado a informar y reforzar el trabajo de los l\u00edderes en las parroquias.<\/p>\n<p style=\"text-align: justify;\">El proyecto involucra temas como el rol del promotor ambiental comunitario, la educaci\u00f3n para la conservaci\u00f3n de la biodiversidad, gesti\u00f3n ambiental y desarrollo sostenible, problemas ambientales y calidad de vida, educaci\u00f3n comunitaria en la pr\u00e1ctica.<\/p>\n<p style=\"text-align: justify;\">Al acto asistieron Ana Bel\u00e9n Mar\u00edn, Directora Provincial del Ambiente de Cotopaxi; \u00a0\u00c1ngel Plazarte, Presidente de las Juntas Parroquiales de Cotopaxi y representantes del Ministerio de Telecomunicaciones.<\/p>\n<p style=\"text-align: justify;\">Durante el evento, adem\u00e1s, se entregaron certificados a los participantes de la primera etapa del proyecto efectuada en la parroquia Joseguango Bajo.<\/p>\n<p style=\"text-align: justify;\">\n","protected":false},"excerpt":{"rendered":"<p class=\"excerpt\">El Ministerio del Ambiente (MAE), el pasado 14 de agosto, inaugur\u00f3 la segunda fase del proyecto Ecotalleres, en el infocentro de la parroquia Al\u00e1quez, provincia de Cotopaxi. El objetivo de esta iniciativa es formar l\u00edderes ambientales que sepan dar soluci\u00f3n a los conflictos locales. La capacitaci\u00f3n se realiza a trav\u00e9s de un proceso de educaci\u00f3n ambiental no formal y est\u00e1&hellip; <a href=\"https:\/\/www.ambienteyenergia.gob.ec\/ambiente\/ii-fase-del-proyecto-ecotalleres-se-inauguro-en-cotopaxi\/\">Read more &rarr;<\/a><\/p>\n","protected":false},"author":13,"featured_media":14317,"comment_status":"open","ping_status":"open","sticky":false,"template":"","format":"standard","meta":{"footnotes":""},"categories":[16,4],"tags":[],"class_list":["post-14316","post","type-post","status-publish","format-standard","has-post-thumbnail","hentry","category-comunicamos","category-noticias","xfolkentry"],"_links":{"self":[{"href":"https:\/\/www.ambienteyenergia.gob.ec\/ambiente\/wp-json\/wp\/v2\/posts\/14316","targetHints":{"allow":["GET"]}}],"collection":[{"href":"https:\/\/www.ambienteyenergia.gob.ec\/ambiente\/wp-json\/wp\/v2\/posts"}],"about":[{"href":"https:\/\/www.ambienteyenergia.gob.ec\/ambiente\/wp-json\/wp\/v2\/types\/post"}],"author":[{"embeddable":true,"href":"https:\/\/www.ambienteyenergia.gob.ec\/ambiente\/wp-json\/wp\/v2\/users\/13"}],"replies":[{"embeddable":true,"href":"https:\/\/www.ambienteyenergia.gob.ec\/ambiente\/wp-json\/wp\/v2\/comments?post=14316"}],"version-history":[{"count":0,"href":"https:\/\/www.ambienteyenergia.gob.ec\/ambiente\/wp-json\/wp\/v2\/posts\/14316\/revisions"}],"wp:featuredmedia":[{"embeddable":true,"href":"https:\/\/www.ambienteyenergia.gob.ec\/ambiente\/wp-json\/wp\/v2\/media\/14317"}],"wp:attachment":[{"href":"https:\/\/www.ambienteyenergia.gob.ec\/ambiente\/wp-json\/wp\/v2\/media?parent=14316"}],"wp:term":[{"taxonomy":"category","embeddable":true,"href":"https:\/\/www.ambienteyenergia.gob.ec\/ambiente\/wp-json\/wp\/v2\/categories?post=14316"},{"taxonomy":"post_tag","embeddable":true,"href":"https:\/\/www.ambienteyenergia.gob.ec\/ambiente\/wp-json\/wp\/v2\/tags?post=14316"}],"curies":[{"name":"wp","href":"https:\/\/api.w.org\/{rel}","templated":true}]}}