{"id":14313,"date":"2013-08-19T10:44:23","date_gmt":"2013-08-19T15:44:23","guid":{"rendered":"http:\/\/www.ambiente.gob.ec\/?p=14313"},"modified":"2013-08-19T11:54:48","modified_gmt":"2013-08-19T16:54:48","slug":"mae-realiza-analisis-de-agua-en-rios-tenguel-y-galas-tras-derrame-de-quimicos","status":"publish","type":"post","link":"https:\/\/www.ambienteyenergia.gob.ec\/ambiente\/mae-realiza-analisis-de-agua-en-rios-tenguel-y-galas-tras-derrame-de-quimicos\/","title":{"rendered":"MAE realiza an\u00e1lisis de agua en r\u00edos Tenguel y Galas, tras derrame de qu\u00edmicos"},"content":{"rendered":"<p style=\"text-align: justify;\">El Ministerio del Ambiente (MAE), tras el derrame de qu\u00edmicos contenidos en una piscina para el lavado de minerales (oro), en una empresa minera ubicada en Ponce Enr\u00edquez, provincia del Azuay, realiza el an\u00e1lisis de agua y especies, para determinar el grado de afectaci\u00f3n y medidas de remediaci\u00f3n. Los r\u00edos Chico, Tenguel, Galas, afluentes y ramales de estos, en la provincia\u00a0 del Guayas, tuvieron cierto grado de afectaci\u00f3n.<\/p>\n<p style=\"text-align: justify;\">Desde el mi\u00e9rcoles pasado que se report\u00f3 el incidente, el personal del MAE trabaja en coordinaci\u00f3n con funcionarios de la Secretar\u00eda Nacional del Agua (Senagua), Secretar\u00eda Nacional de Gesti\u00f3n de Riesgos, Juntas Parroquiales, entre otros, tanto en Azuay como en Guayas, para establecer las medidas de contenci\u00f3n.<\/p>\n<p style=\"text-align: justify;\">El avance de la mancha de qu\u00edmicos torn\u00f3 el agua gris y provoc\u00f3 la muerte de especies como la tilapia, barbudo, cachuelas y dicas. Algunas fueron recogidas para el an\u00e1lisis, al igual que el agua.<\/p>\n<p style=\"text-align: justify;\">La Autoridad Ambiental solicit\u00f3 e insiste a los pobladores circundantes a los r\u00edos, afluentes y ramales afectados, no usar el agua para sus sembr\u00edos u otras actividades, hasta que Senagua establezca los par\u00e1metros de calidad del agua \u00f3ptima para el uso humano.<\/p>\n<p style=\"text-align: justify;\">En Guayas, t\u00e9cnicos de la Reserva Ecol\u00f3gica Manglares Churute se encargan de monitorear en la zona, las condiciones del agua.<\/p>\n<p style=\"text-align: justify;\">\n","protected":false},"excerpt":{"rendered":"<p class=\"excerpt\">El Ministerio del Ambiente (MAE), tras el derrame de qu\u00edmicos contenidos en una piscina para el lavado de minerales (oro), en una empresa minera ubicada en Ponce Enr\u00edquez, provincia del Azuay, realiza el an\u00e1lisis de agua y especies, para determinar el grado de afectaci\u00f3n y medidas de remediaci\u00f3n. Los r\u00edos Chico, Tenguel, Galas, afluentes y ramales de estos, en la&hellip; <a href=\"https:\/\/www.ambienteyenergia.gob.ec\/ambiente\/mae-realiza-analisis-de-agua-en-rios-tenguel-y-galas-tras-derrame-de-quimicos\/\">Read more &rarr;<\/a><\/p>\n","protected":false},"author":13,"featured_media":14320,"comment_status":"open","ping_status":"open","sticky":false,"template":"","format":"standard","meta":{"footnotes":""},"categories":[16,4],"tags":[],"class_list":["post-14313","post","type-post","status-publish","format-standard","has-post-thumbnail","hentry","category-comunicamos","category-noticias","xfolkentry"],"_links":{"self":[{"href":"https:\/\/www.ambienteyenergia.gob.ec\/ambiente\/wp-json\/wp\/v2\/posts\/14313","targetHints":{"allow":["GET"]}}],"collection":[{"href":"https:\/\/www.ambienteyenergia.gob.ec\/ambiente\/wp-json\/wp\/v2\/posts"}],"about":[{"href":"https:\/\/www.ambienteyenergia.gob.ec\/ambiente\/wp-json\/wp\/v2\/types\/post"}],"author":[{"embeddable":true,"href":"https:\/\/www.ambienteyenergia.gob.ec\/ambiente\/wp-json\/wp\/v2\/users\/13"}],"replies":[{"embeddable":true,"href":"https:\/\/www.ambienteyenergia.gob.ec\/ambiente\/wp-json\/wp\/v2\/comments?post=14313"}],"version-history":[{"count":0,"href":"https:\/\/www.ambienteyenergia.gob.ec\/ambiente\/wp-json\/wp\/v2\/posts\/14313\/revisions"}],"wp:featuredmedia":[{"embeddable":true,"href":"https:\/\/www.ambienteyenergia.gob.ec\/ambiente\/wp-json\/wp\/v2\/media\/14320"}],"wp:attachment":[{"href":"https:\/\/www.ambienteyenergia.gob.ec\/ambiente\/wp-json\/wp\/v2\/media?parent=14313"}],"wp:term":[{"taxonomy":"category","embeddable":true,"href":"https:\/\/www.ambienteyenergia.gob.ec\/ambiente\/wp-json\/wp\/v2\/categories?post=14313"},{"taxonomy":"post_tag","embeddable":true,"href":"https:\/\/www.ambienteyenergia.gob.ec\/ambiente\/wp-json\/wp\/v2\/tags?post=14313"}],"curies":[{"name":"wp","href":"https:\/\/api.w.org\/{rel}","templated":true}]}}