{"id":14301,"date":"2013-08-19T09:17:12","date_gmt":"2013-08-19T14:17:12","guid":{"rendered":"http:\/\/www.ambiente.gob.ec\/?p=14301"},"modified":"2013-08-19T09:17:12","modified_gmt":"2013-08-19T14:17:12","slug":"redescubriendo-las-aves-en-el-estero-salado-guayaquil","status":"publish","type":"post","link":"https:\/\/www.ambienteyenergia.gob.ec\/ambiente\/redescubriendo-las-aves-en-el-estero-salado-guayaquil\/","title":{"rendered":"Redescubriendo las aves en el Estero Salado (Guayaquil)"},"content":{"rendered":"<p style=\"text-align: justify;\">Los efectos positivos de las acciones que ejecuta el Ministerio del Ambiente, a trav\u00e9s de su\u00a0 Proyecto Guayaquil Ecol\u00f3gico \u2013 Componente Estero Salado, para la recuperaci\u00f3n del Estero Salado, est\u00e1n siendo evidentes con el avistamiento de aves en playones, que se forman con la bajada de la marea.<\/p>\n<p style=\"text-align: justify;\">Durante un estudio de biodiversidad realizado en el Estero Salado, se observ\u00f3 que 47 de las 116 aves registradas para la\u00a0 <em>Reserva de Producci\u00f3n de Fauna Manglares El Salado<\/em>, son aves acu\u00e1ticas, siendo las m\u00e1s comunes las diferentes especies de garzas (familia <em>Ardeidae<\/em>).<\/p>\n<p style=\"text-align: justify;\">Un ejemplo de esto, es que no solo la\u00a0 presencia de garzas blanca est\u00e1n siendo observadas en los diferentes ramales del Estero Salado, sino que aves como, la garza pico de esp\u00e1tula (ave llamativa por su color rosado) y la garzeta azul, se vuelven comunes a la vista de la poblaci\u00f3n que recorre este brazo de mar.<\/p>\n<p style=\"text-align: justify;\">Parte de los resultados que arroj\u00f3 el estudio, fueron los ramales internos del Estero Salado en comparaci\u00f3n de los ramales exteriores, presentan un n\u00famero de especies y riqueza relativamente menor, pese a esto, la importancia de la\u00a0 conservaci\u00f3n de estos remanentes de manglar que forman parte del Estero Salado, es debido a que este ecosistema constituye un sitio de refugio, anidaci\u00f3n y alimentaci\u00f3n, no solo para las aves sino para un sinn\u00famero de organismos.<\/p>\n<p style=\"text-align: justify;\">Asimismo, se identific\u00f3 que los remanentes de manglar que se encuentran al Sur oeste de la ciudad de Guayaquil, son sitios de refugio y alimentaci\u00f3n de aves marino costeras, como la gaviota cabecigris, chorlo semiplameado, garzas, zarapito trinador y pato silbador ventrinegro; esta \u00faltima especie se encontr\u00f3 en altas concentraciones (aproximadamente 1 000 individuos), en el sector de la Isla Trinitaria, Estero del Muerto.<\/p>\n<p style=\"text-align: justify;\">A pesar de las condiciones actuales de los tramos urbanos del Estero Salado, que han sufrido grandes afectaciones, se reporta en sectores cercanos al puente del zigzag (norte de la ciudad), la presencia del ibis blanco y garza pico de esp\u00e1tula. Mientras que en el sector del ramal que va desde el Policentro hasta Urdenor, se observan desplazamientos de periquitos del pac\u00edfico, pericos cachetigris y pericos frentiroja<em>;<\/em> en este mismo sector se ha evidenciado la presencia de anidaci\u00f3n de garzas n\u00edvea, bueyera y garzas nocturnas.<\/p>\n<p style=\"text-align: justify;\">El Proyecto Guayaquil Ecol\u00f3gico Componente Estero Salado del MAE contin\u00faa trabajando permanentemente con acciones estrat\u00e9gicas t\u00e9cnicas y ambientales, para la recuperaci\u00f3n de este importante atractivo y paisaj\u00edstico lugar de la ciudad de Guayaquil, con la finalidad de que sus habitantes gocen de m\u00e1s espacio verdes en correlaci\u00f3n con un ambiente sano.<\/p>\n<div id='gallery-1' class='gallery galleryid-14301 gallery-columns-4 gallery-size-thumbnail'><dl class='gallery-item'>\n\t\t\t<dt class='gallery-icon landscape'>\n\t\t\t\t<a href='https:\/\/www.ambienteyenergia.gob.ec\/ambiente\/redescubriendo-las-aves-en-el-estero-salado-guayaquil\/garceta-nivea-egretta-thula-47\/'><img loading=\"lazy\" decoding=\"async\" width=\"150\" height=\"150\" src=\"https:\/\/www.ambienteyenergia.gob.ec\/ambiente\/wp-content\/uploads\/sites\/2\/2013\/08\/Garceta-nivea-Egretta-thula-47-150x150.jpg\" class=\"attachment-thumbnail size-thumbnail\" alt=\"\" \/><\/a>\n\t\t\t<\/dt><\/dl><dl class='gallery-item'>\n\t\t\t<dt class='gallery-icon landscape'>\n\t\t\t\t<a href='https:\/\/www.ambienteyenergia.gob.ec\/ambiente\/redescubriendo-las-aves-en-el-estero-salado-guayaquil\/garza-azul-egretta-caerulea-43\/'><img loading=\"lazy\" decoding=\"async\" width=\"150\" height=\"150\" src=\"https:\/\/www.ambienteyenergia.gob.ec\/ambiente\/wp-content\/uploads\/sites\/2\/2013\/08\/garza-azul-Egretta-caerulea-43-150x150.jpg\" class=\"attachment-thumbnail size-thumbnail\" alt=\"\" \/><\/a>\n\t\t\t<\/dt><\/dl><dl class='gallery-item'>\n\t\t\t<dt class='gallery-icon landscape'>\n\t\t\t\t<a href='https:\/\/www.ambienteyenergia.gob.ec\/ambiente\/redescubriendo-las-aves-en-el-estero-salado-guayaquil\/ibis-blanco-eudocimus-albus-56\/'><img loading=\"lazy\" decoding=\"async\" width=\"150\" height=\"150\" src=\"https:\/\/www.ambienteyenergia.gob.ec\/ambiente\/wp-content\/uploads\/sites\/2\/2013\/08\/Ibis-blanco-Eudocimus-albus-56-150x150.jpg\" class=\"attachment-thumbnail size-thumbnail\" alt=\"\" \/><\/a>\n\t\t\t<\/dt><\/dl><dl class='gallery-item'>\n\t\t\t<dt class='gallery-icon landscape'>\n\t\t\t\t<a href='https:\/\/www.ambienteyenergia.gob.ec\/ambiente\/redescubriendo-las-aves-en-el-estero-salado-guayaquil\/zarapito-trinador-numenius-phaeopus-39\/'><img loading=\"lazy\" decoding=\"async\" width=\"150\" height=\"150\" src=\"https:\/\/www.ambienteyenergia.gob.ec\/ambiente\/wp-content\/uploads\/sites\/2\/2013\/08\/Zarapito-trinador-Numenius-phaeopus-39-150x150.jpg\" class=\"attachment-thumbnail size-thumbnail\" alt=\"\" \/><\/a>\n\t\t\t<\/dt><\/dl><br style=\"clear: both\" \/>\n\t\t<\/div>\n\n","protected":false},"excerpt":{"rendered":"<p class=\"excerpt\">Los efectos positivos de las acciones que ejecuta el Ministerio del Ambiente, a trav\u00e9s de su\u00a0 Proyecto Guayaquil Ecol\u00f3gico \u2013 Componente Estero Salado, para la recuperaci\u00f3n del Estero Salado, est\u00e1n siendo evidentes con el avistamiento de aves en playones, que se forman con la bajada de la marea. Durante un estudio de biodiversidad realizado en el Estero Salado, se observ\u00f3&hellip; <a href=\"https:\/\/www.ambienteyenergia.gob.ec\/ambiente\/redescubriendo-las-aves-en-el-estero-salado-guayaquil\/\">Read more &rarr;<\/a><\/p>\n","protected":false},"author":13,"featured_media":14305,"comment_status":"open","ping_status":"open","sticky":false,"template":"","format":"standard","meta":{"footnotes":""},"categories":[16,4],"tags":[],"class_list":["post-14301","post","type-post","status-publish","format-standard","has-post-thumbnail","hentry","category-comunicamos","category-noticias","xfolkentry"],"_links":{"self":[{"href":"https:\/\/www.ambienteyenergia.gob.ec\/ambiente\/wp-json\/wp\/v2\/posts\/14301","targetHints":{"allow":["GET"]}}],"collection":[{"href":"https:\/\/www.ambienteyenergia.gob.ec\/ambiente\/wp-json\/wp\/v2\/posts"}],"about":[{"href":"https:\/\/www.ambienteyenergia.gob.ec\/ambiente\/wp-json\/wp\/v2\/types\/post"}],"author":[{"embeddable":true,"href":"https:\/\/www.ambienteyenergia.gob.ec\/ambiente\/wp-json\/wp\/v2\/users\/13"}],"replies":[{"embeddable":true,"href":"https:\/\/www.ambienteyenergia.gob.ec\/ambiente\/wp-json\/wp\/v2\/comments?post=14301"}],"version-history":[{"count":0,"href":"https:\/\/www.ambienteyenergia.gob.ec\/ambiente\/wp-json\/wp\/v2\/posts\/14301\/revisions"}],"wp:featuredmedia":[{"embeddable":true,"href":"https:\/\/www.ambienteyenergia.gob.ec\/ambiente\/wp-json\/wp\/v2\/media\/14305"}],"wp:attachment":[{"href":"https:\/\/www.ambienteyenergia.gob.ec\/ambiente\/wp-json\/wp\/v2\/media?parent=14301"}],"wp:term":[{"taxonomy":"category","embeddable":true,"href":"https:\/\/www.ambienteyenergia.gob.ec\/ambiente\/wp-json\/wp\/v2\/categories?post=14301"},{"taxonomy":"post_tag","embeddable":true,"href":"https:\/\/www.ambienteyenergia.gob.ec\/ambiente\/wp-json\/wp\/v2\/tags?post=14301"}],"curies":[{"name":"wp","href":"https:\/\/api.w.org\/{rel}","templated":true}]}}