{"id":14292,"date":"2013-08-17T17:13:13","date_gmt":"2013-08-17T22:13:13","guid":{"rendered":"http:\/\/www.ambiente.gob.ec\/?p=14292"},"modified":"2013-08-19T16:29:08","modified_gmt":"2013-08-19T21:29:08","slug":"el-yasuni-es-para-todas-y-todos-los-ecuatorianos-presidente-rafael-correa","status":"publish","type":"post","link":"https:\/\/www.ambienteyenergia.gob.ec\/ambiente\/el-yasuni-es-para-todas-y-todos-los-ecuatorianos-presidente-rafael-correa\/","title":{"rendered":"El Yasun\u00ed es para todas y todos los ecuatorianos: Presidente Rafael Correa"},"content":{"rendered":"<p style=\"text-align: justify;\">La Ministra del Ambiente, Lorena Tapia, asisti\u00f3 este s\u00e1bado 17 de agosto al Enlace Ciudadano No. 335, desarrollado en la parroquia de Checa, al oriente de Quito. \u00a0Brind\u00f3 declaraciones, ratificando su compromiso para conservar el Parque Nacional Yasun\u00ed, con estricta responsabilidad y en pleno cumplimiento de las normativas constitucionales y de la Ley de Gesti\u00f3n Ambiental.<\/p>\n<p style=\"text-align: justify;\">Como m\u00e1xima autoridad ambiental, la Ministra Tapia asegura que el Ecuador debe utilizar sus recursos naturales de forma responsable para que los ingresos econ\u00f3micos obtenidos sean destinados a la inversi\u00f3n social de los sectores m\u00e1s vulnerables del pa\u00eds.<\/p>\n<p style=\"text-align: justify;\">El Parque Nacional Yasun\u00ed tiene m\u00e1s de 1 mill\u00f3n de hect\u00e1reas de las cuales cerca de 200 mil pertenecen al bloque ITT. Durante el enlace, el Presidente Rafael Correa suscribi\u00f3 un nuevo Decreto Ejecutivo en el que ratifica que el impacto de la extracci\u00f3n petrolera ser\u00e1\u00a0 al uno por mil del Parque Nacional Yasun\u00ed, no al uno por ciento como constaba en el anterior Decreto que puso fin a la Iniciativa Yasun\u00ed-ITT.<\/p>\n<p style=\"text-align: justify;\">Se\u00a0 sustituy\u00f3 el art\u00edculo 5 del Decreto Ejecutivo n\u00famero 74 del 15 de agosto del 2013 por el siguiente: \u201cEn el caso de que la Asamblea Nacional autorice la actividad extractiva \u00e9sta no podr\u00e1 desarrollarse en un \u00e1rea superior al uno por mil del territorio del Parque Nacional Yasun\u00ed\u201d.<\/p>\n<p style=\"text-align: justify;\">Ese decreto tambi\u00e9n ordena la elaboraci\u00f3n de informes t\u00e9cnicos econ\u00f3micos y jur\u00eddicos para, de acuerdo con el art\u00edculo 407 de la Constituci\u00f3n, solicitar a la Asamblea Nacional la declaratoria de Inter\u00e9s Nacional al aprovechamiento del petr\u00f3leo en el Yasun\u00ed.<\/p>\n<p style=\"text-align: justify;\">Durante su intervenci\u00f3n en el enlace sabatino, el Primer Mandatario asegur\u00f3 que este proyecto fracas\u00f3 financieramente, pero fue exitoso en otros aspectos. A\u00f1adi\u00f3 que dar por terminada la Iniciativa Yasun\u00ed ITT ha sido una de las decisiones m\u00e1s dif\u00edciles de todo su Gobierno. \u201cNuestra prioridad no es el capital sino el bienestar de todas las y los ecuatorianos desde la cosmovisi\u00f3n del <em>Sumak Kawsay<\/em> estipulado en el Plan Nacional del Buen Vivir\u201d.<\/p>\n<p style=\"text-align: justify;\">La Constituci\u00f3n del Ecuador es considerada la m\u00e1s verde del mundo, porque es la \u00fanica que otorga derechos a la naturaleza. En el Art. 14.- \u201cSe reconoce el derecho de la poblaci\u00f3n a vivir en un ambiente sano y ecol\u00f3gicamente equilibrado, que garantice la sostenibilidad y el buen vivir\u201d. Estos lineamientos declaran de \u201cinter\u00e9s p\u00fablico la preservaci\u00f3n del ambiente, la conservaci\u00f3n de los ecosistemas, la biodiversidad y la integridad del patrimonio gen\u00e9tico del pa\u00eds, la prevenci\u00f3n del da\u00f1o ambiental y la recuperaci\u00f3n de los espacios naturales degradados.\u201d<\/p>\n<p>&nbsp;<\/p>\n<p>&nbsp;<\/p>\n","protected":false},"excerpt":{"rendered":"<p class=\"excerpt\">La Ministra del Ambiente, Lorena Tapia, asisti\u00f3 este s\u00e1bado 17 de agosto al Enlace Ciudadano No. 335, desarrollado en la parroquia de Checa, al oriente de Quito. \u00a0Brind\u00f3 declaraciones, ratificando su compromiso para conservar el Parque Nacional Yasun\u00ed, con estricta responsabilidad y en pleno cumplimiento de las normativas constitucionales y de la Ley de Gesti\u00f3n Ambiental. Como m\u00e1xima autoridad ambiental,&hellip; <a href=\"https:\/\/www.ambienteyenergia.gob.ec\/ambiente\/el-yasuni-es-para-todas-y-todos-los-ecuatorianos-presidente-rafael-correa\/\">Read more &rarr;<\/a><\/p>\n","protected":false},"author":13,"featured_media":14297,"comment_status":"open","ping_status":"open","sticky":false,"template":"","format":"standard","meta":{"footnotes":""},"categories":[16,4,10],"tags":[],"class_list":["post-14292","post","type-post","status-publish","format-standard","has-post-thumbnail","hentry","category-comunicamos","category-noticias","category-noticias-destacadas","xfolkentry"],"_links":{"self":[{"href":"https:\/\/www.ambienteyenergia.gob.ec\/ambiente\/wp-json\/wp\/v2\/posts\/14292","targetHints":{"allow":["GET"]}}],"collection":[{"href":"https:\/\/www.ambienteyenergia.gob.ec\/ambiente\/wp-json\/wp\/v2\/posts"}],"about":[{"href":"https:\/\/www.ambienteyenergia.gob.ec\/ambiente\/wp-json\/wp\/v2\/types\/post"}],"author":[{"embeddable":true,"href":"https:\/\/www.ambienteyenergia.gob.ec\/ambiente\/wp-json\/wp\/v2\/users\/13"}],"replies":[{"embeddable":true,"href":"https:\/\/www.ambienteyenergia.gob.ec\/ambiente\/wp-json\/wp\/v2\/comments?post=14292"}],"version-history":[{"count":0,"href":"https:\/\/www.ambienteyenergia.gob.ec\/ambiente\/wp-json\/wp\/v2\/posts\/14292\/revisions"}],"wp:featuredmedia":[{"embeddable":true,"href":"https:\/\/www.ambienteyenergia.gob.ec\/ambiente\/wp-json\/wp\/v2\/media\/14297"}],"wp:attachment":[{"href":"https:\/\/www.ambienteyenergia.gob.ec\/ambiente\/wp-json\/wp\/v2\/media?parent=14292"}],"wp:term":[{"taxonomy":"category","embeddable":true,"href":"https:\/\/www.ambienteyenergia.gob.ec\/ambiente\/wp-json\/wp\/v2\/categories?post=14292"},{"taxonomy":"post_tag","embeddable":true,"href":"https:\/\/www.ambienteyenergia.gob.ec\/ambiente\/wp-json\/wp\/v2\/tags?post=14292"}],"curies":[{"name":"wp","href":"https:\/\/api.w.org\/{rel}","templated":true}]}}