{"id":14288,"date":"2013-08-16T15:16:59","date_gmt":"2013-08-16T20:16:59","guid":{"rendered":"http:\/\/www.ambiente.gob.ec\/?p=14288"},"modified":"2013-08-19T16:29:45","modified_gmt":"2013-08-19T21:29:45","slug":"ministra-lorena-tapia-invita-a-la-ciudadania-a-ser-veedora-de-los-procesos-ambientales-que-tengan-relacion-con-el-yasuni-itt","status":"publish","type":"post","link":"https:\/\/www.ambienteyenergia.gob.ec\/ambiente\/ministra-lorena-tapia-invita-a-la-ciudadania-a-ser-veedora-de-los-procesos-ambientales-que-tengan-relacion-con-el-yasuni-itt\/","title":{"rendered":"Ministra, Lorena Tapia, invita a  la ciudadan\u00eda a ser veedora  de los procesos ambientales que tengan relaci\u00f3n con el Yasun\u00ed ITT."},"content":{"rendered":"<p style=\"text-align: justify;\">La Ministra del Ambiente, Lorena Tapia, asegur\u00f3 que como m\u00e1xima autoridad ambiental, ejercer\u00e1 el debido control y fiscalizaci\u00f3n para cumplir las m\u00e1s r\u00edgidas normativas ecuatorianas y los est\u00e1ndares internacionales para garantizar una explotaci\u00f3n petrolera responsable con el ambiente, en el caso\u00a0 de que Asamblea Nacional ratifique\u00a0 lo anunciado ayer por el Presidente Rafael Correa. Las declaraciones las hizo en varios medios de comunicaci\u00f3n tras la decisi\u00f3n \u00a0tomada la noche de ayer por el Presidente de la Rep\u00fablica, Rafael Correa, en la que se inform\u00f3 sobre la \u201cliquidaci\u00f3n de los fideicomisos Yasun\u00ed-ITT y con ello el fin de la iniciativa\u201d.<\/p>\n<p style=\"text-align: justify;\">\u201cEl Ministerio del Ambiente se mantendr\u00e1 vigilante para ejercer su rector\u00eda en caso de que la Asamblea Nacional autorice la extracci\u00f3n de crudo del bloque ITT\u201d, dijo la Ministra Tapia. Adicionalmente, destac\u00f3 que la informaci\u00f3n que se maneje dentro de este proceso ser\u00e1 \u201cabsolutamente transparente\u201d e invit\u00f3 a la poblaci\u00f3n a ser parte de una veedur\u00eda ciudadana que posibilite la verificaci\u00f3n de un control ambiental eficiente, efectivo y estrat\u00e9gico para el Estado.<\/p>\n<p style=\"text-align: justify;\">Actualmente, \u201cel MAE es una instituci\u00f3n p\u00fablica fortalecida y empoderada en el sector ambiental que garantizar\u00e1 una explotaci\u00f3n sostenible,\u00a0 a trav\u00e9s de acciones concretas y reconociendo los derechos de la naturaleza\u201d.<\/p>\n<p style=\"text-align: justify;\">Para el Ministerio del Ambiente, la importancia de la \u201cEvaluaci\u00f3n Ambiental Estrat\u00e9gica, metodolog\u00eda aplicada a proyectos trascedentes como el de la Iniciativa Yasun\u00ed ITT, permite tener una l\u00ednea base s\u00f3lida con respecto a criterios ambientales, sociales y econ\u00f3micos.<\/p>\n<p style=\"text-align: justify;\">En lo que respecta a la participaci\u00f3n de la EP Petroamazonas como responsable de la explotaci\u00f3n del ITT, la Ministra manifest\u00f3 su confianza en la empresa estatal, pues cuenta con la certificaci\u00f3n ISO 14001, referente a normas internacionales sobre el Sistema de Gesti\u00f3n Ambiental (SGA), dise\u00f1ada para conseguir un equilibrio entre el mantenimiento de la rentabilidad y la reducci\u00f3n de los impactos en el ambiente.<\/p>\n<p style=\"text-align: justify;\">Finalmente, Lorena Tapia invit\u00f3 a los ecuatorianos a no dejarse llevar por posiciones extremas que en la mayor\u00eda de los casos desinforman. El MAE brindar\u00e1 informaci\u00f3n amplia y verificable para que se pueda desarrollar una verdadera veedur\u00eda ciudadana sobre las actividades que se desarrollar\u00e1n en el Bloque ITT. \u00abQue la ciudadan\u00eda no dude ni un s\u00f3lo momento que este es un proyecto responsable y que yo como Ministra del Ambiente asumir\u00e9 con una total responsabilidad, para probar que la autoridad ambiental est\u00e1 comprometida. Tenemos un criterio de control y fiscalizaci\u00f3n estricto\u00bb.<\/p>\n<p style=\"text-align: justify;\"><a href=\"http:\/\/www.ambienteyenergia.gob.ec\/ambiente\/wp-content\/uploads\/2013\/08\/MG_3613.jpg\"><img loading=\"lazy\" decoding=\"async\" class=\"aligncenter size-full wp-image-14290\" title=\"Ministra, Lorena Tapia, invita a  la ciudadan\u00eda a ser veedora  de los procesos ambientales que tengan relaci\u00f3n con el Yasun\u00ed ITT.\" src=\"http:\/\/www.ambienteyenergia.gob.ec\/ambiente\/wp-content\/uploads\/2013\/08\/MG_3613.jpg\" alt=\"\" width=\"650\" height=\"433\" srcset=\"https:\/\/www.ambienteyenergia.gob.ec\/ambiente\/wp-content\/uploads\/sites\/2\/2013\/08\/MG_3613.jpg 650w, https:\/\/www.ambienteyenergia.gob.ec\/ambiente\/wp-content\/uploads\/sites\/2\/2013\/08\/MG_3613-300x199.jpg 300w, https:\/\/www.ambienteyenergia.gob.ec\/ambiente\/wp-content\/uploads\/sites\/2\/2013\/08\/MG_3613-450x300.jpg 450w\" sizes=\"auto, (max-width: 650px) 100vw, 650px\" \/><\/a><\/p>\n","protected":false},"excerpt":{"rendered":"<p class=\"excerpt\">La Ministra del Ambiente, Lorena Tapia, asegur\u00f3 que como m\u00e1xima autoridad ambiental, ejercer\u00e1 el debido control y fiscalizaci\u00f3n para cumplir las m\u00e1s r\u00edgidas normativas ecuatorianas y los est\u00e1ndares internacionales para garantizar una explotaci\u00f3n petrolera responsable con el ambiente, en el caso\u00a0 de que Asamblea Nacional ratifique\u00a0 lo anunciado ayer por el Presidente Rafael Correa. Las declaraciones las hizo en varios&hellip; <a href=\"https:\/\/www.ambienteyenergia.gob.ec\/ambiente\/ministra-lorena-tapia-invita-a-la-ciudadania-a-ser-veedora-de-los-procesos-ambientales-que-tengan-relacion-con-el-yasuni-itt\/\">Read more &rarr;<\/a><\/p>\n","protected":false},"author":13,"featured_media":14289,"comment_status":"open","ping_status":"open","sticky":false,"template":"","format":"standard","meta":{"footnotes":""},"categories":[16,4,10],"tags":[],"class_list":["post-14288","post","type-post","status-publish","format-standard","has-post-thumbnail","hentry","category-comunicamos","category-noticias","category-noticias-destacadas","xfolkentry"],"_links":{"self":[{"href":"https:\/\/www.ambienteyenergia.gob.ec\/ambiente\/wp-json\/wp\/v2\/posts\/14288","targetHints":{"allow":["GET"]}}],"collection":[{"href":"https:\/\/www.ambienteyenergia.gob.ec\/ambiente\/wp-json\/wp\/v2\/posts"}],"about":[{"href":"https:\/\/www.ambienteyenergia.gob.ec\/ambiente\/wp-json\/wp\/v2\/types\/post"}],"author":[{"embeddable":true,"href":"https:\/\/www.ambienteyenergia.gob.ec\/ambiente\/wp-json\/wp\/v2\/users\/13"}],"replies":[{"embeddable":true,"href":"https:\/\/www.ambienteyenergia.gob.ec\/ambiente\/wp-json\/wp\/v2\/comments?post=14288"}],"version-history":[{"count":0,"href":"https:\/\/www.ambienteyenergia.gob.ec\/ambiente\/wp-json\/wp\/v2\/posts\/14288\/revisions"}],"wp:featuredmedia":[{"embeddable":true,"href":"https:\/\/www.ambienteyenergia.gob.ec\/ambiente\/wp-json\/wp\/v2\/media\/14289"}],"wp:attachment":[{"href":"https:\/\/www.ambienteyenergia.gob.ec\/ambiente\/wp-json\/wp\/v2\/media?parent=14288"}],"wp:term":[{"taxonomy":"category","embeddable":true,"href":"https:\/\/www.ambienteyenergia.gob.ec\/ambiente\/wp-json\/wp\/v2\/categories?post=14288"},{"taxonomy":"post_tag","embeddable":true,"href":"https:\/\/www.ambienteyenergia.gob.ec\/ambiente\/wp-json\/wp\/v2\/tags?post=14288"}],"curies":[{"name":"wp","href":"https:\/\/api.w.org\/{rel}","templated":true}]}}