{"id":14277,"date":"2013-08-15T22:06:43","date_gmt":"2013-08-16T03:06:43","guid":{"rendered":"http:\/\/www.ambiente.gob.ec\/?p=14277"},"modified":"2013-08-15T22:18:42","modified_gmt":"2013-08-16T03:18:42","slug":"14277","status":"publish","type":"post","link":"https:\/\/www.ambienteyenergia.gob.ec\/ambiente\/14277\/","title":{"rendered":"El Gobierno Nacional ejercer\u00e1 de forma eficaz y eficiente la rector\u00eda de la gesti\u00f3n ambiental en el Yasun\u00ed"},"content":{"rendered":"<p style=\"text-align: justify;\">Hoy, el Presidente de la Rep\u00fablica, Rafael Correa, inform\u00f3 sobre la decisi\u00f3n del Gobierno Nacional de utilizar responsablemente los recursos del Yasun\u00ed, con el fin de obtener m\u00e1s ingresos econ\u00f3micos destinados a la inversi\u00f3n social en los sectores m\u00e1s vulnerables del pa\u00eds, al igual que para impulsar el cambio de matriz productiva.<\/p>\n<p style=\"text-align: justify;\">A pesar de los grandes esfuerzos del Gobierno Ecuatoriano en dejar bajo tierra el crudo del Yasun\u00ed (para conservar \u00edntegra su biodiversidad), el Primer Mandatario asegur\u00f3 que la erradicaci\u00f3n de la pobreza en el pa\u00eds es impostergable y que al no tener una corresponsabilidad de los dem\u00e1s pa\u00edses, el proyecto no se pudo consolidar.<\/p>\n<p style=\"text-align: justify;\">Pero asimismo, el Presidente Correa afirm\u00f3 que el Estado consecuente con el compromiso de protecci\u00f3n ambiental garantizar\u00e1 que cualquier exploraci\u00f3n o extracci\u00f3n de recursos se realice con la mayor responsabilidad y mediante las tecnolog\u00edas m\u00e1s sofisticadas y menos agresivas.<\/p>\n<p style=\"text-align: justify;\">El actual modelo econ\u00f3mico y productivo del Ecuador tiende a volverse m\u00e1s respetuoso con el medio ambiente. Los recursos obtenidos del proyecto Yasun\u00ed ITT o del aprovechamiento de los recursos naturales ser\u00e1n invertidos en proyectos ambientales y de desarrollo social. \u201cNuestra prioridad no es el capital sino el bienestar de las personas desde la cosmovisi\u00f3n del Sumak Kausay estipulado en el Plan Nacional del Buen Vivir\u201d, expres\u00f3 el Jefe de Estado.<\/p>\n<p style=\"text-align: justify;\">El Estado ecuatoriano ejercer\u00e1 de forma eficaz y eficiente la rector\u00eda de la gesti\u00f3n ambiental, lo cual garantiza una relaci\u00f3n arm\u00f3nica entre los ejes econ\u00f3micos, social, y ambiental que asegurar\u00e1 el manejo sostenible de los recursos naturales estrat\u00e9gicos.<\/p>\n<p style=\"text-align: justify;\">El Ministerio del Ambiente, como principal Autoridad Ambiental, velar\u00e1 por cumplimiento de estrictos y modernos planes de protecci\u00f3n del medio ambiente para cualquier actividad extractiva.<\/p>\n","protected":false},"excerpt":{"rendered":"<p class=\"excerpt\">Hoy, el Presidente de la Rep\u00fablica, Rafael Correa, inform\u00f3 sobre la decisi\u00f3n del Gobierno Nacional de utilizar responsablemente los recursos del Yasun\u00ed, con el fin de obtener m\u00e1s ingresos econ\u00f3micos destinados a la inversi\u00f3n social en los sectores m\u00e1s vulnerables del pa\u00eds, al igual que para impulsar el cambio de matriz productiva. A pesar de los grandes esfuerzos del Gobierno&hellip; <a href=\"https:\/\/www.ambienteyenergia.gob.ec\/ambiente\/14277\/\">Read more &rarr;<\/a><\/p>\n","protected":false},"author":13,"featured_media":14278,"comment_status":"open","ping_status":"open","sticky":false,"template":"","format":"standard","meta":{"footnotes":""},"categories":[16,4],"tags":[],"class_list":["post-14277","post","type-post","status-publish","format-standard","has-post-thumbnail","hentry","category-comunicamos","category-noticias","xfolkentry"],"_links":{"self":[{"href":"https:\/\/www.ambienteyenergia.gob.ec\/ambiente\/wp-json\/wp\/v2\/posts\/14277","targetHints":{"allow":["GET"]}}],"collection":[{"href":"https:\/\/www.ambienteyenergia.gob.ec\/ambiente\/wp-json\/wp\/v2\/posts"}],"about":[{"href":"https:\/\/www.ambienteyenergia.gob.ec\/ambiente\/wp-json\/wp\/v2\/types\/post"}],"author":[{"embeddable":true,"href":"https:\/\/www.ambienteyenergia.gob.ec\/ambiente\/wp-json\/wp\/v2\/users\/13"}],"replies":[{"embeddable":true,"href":"https:\/\/www.ambienteyenergia.gob.ec\/ambiente\/wp-json\/wp\/v2\/comments?post=14277"}],"version-history":[{"count":0,"href":"https:\/\/www.ambienteyenergia.gob.ec\/ambiente\/wp-json\/wp\/v2\/posts\/14277\/revisions"}],"wp:featuredmedia":[{"embeddable":true,"href":"https:\/\/www.ambienteyenergia.gob.ec\/ambiente\/wp-json\/wp\/v2\/media\/14278"}],"wp:attachment":[{"href":"https:\/\/www.ambienteyenergia.gob.ec\/ambiente\/wp-json\/wp\/v2\/media?parent=14277"}],"wp:term":[{"taxonomy":"category","embeddable":true,"href":"https:\/\/www.ambienteyenergia.gob.ec\/ambiente\/wp-json\/wp\/v2\/categories?post=14277"},{"taxonomy":"post_tag","embeddable":true,"href":"https:\/\/www.ambienteyenergia.gob.ec\/ambiente\/wp-json\/wp\/v2\/tags?post=14277"}],"curies":[{"name":"wp","href":"https:\/\/api.w.org\/{rel}","templated":true}]}}