{"id":14198,"date":"2013-08-15T16:56:39","date_gmt":"2013-08-15T21:56:39","guid":{"rendered":"http:\/\/www.ambiente.gob.ec\/?p=14198"},"modified":"2013-08-15T16:56:39","modified_gmt":"2013-08-15T21:56:39","slug":"gobiernos-municipales-y-provinciales-acreditados-fueron-capacitados-sobre-las-reformas-y-categorias-del-suma","status":"publish","type":"post","link":"https:\/\/www.ambienteyenergia.gob.ec\/ambiente\/gobiernos-municipales-y-provinciales-acreditados-fueron-capacitados-sobre-las-reformas-y-categorias-del-suma\/","title":{"rendered":"Gobiernos municipales y provinciales acreditados fueron capacitados sobre las reformas y categor\u00edas del SUMA"},"content":{"rendered":"<p style=\"text-align: justify;\">Este mi\u00e9rcoles 15 de agosto, el Ministerio del Ambiente (MAE) imparti\u00f3 una capacitaci\u00f3n sobre\u00a0 la categorizaci\u00f3n ambiental nacional y reforma al t\u00edtulo del Sistema \u00danico de Manejo Ambiental (SUMA), en los predios del auditorio del CONECEL, en la ciudad de Quito. Al evento asistieron los gobiernos municipales y provinciales del pa\u00eds, que se encuentran acreditados.<\/p>\n<p style=\"text-align: justify;\">El Subsecretario de Calidad Ambiental del MAE, Juan Carlos Soria, socializ\u00f3 con los participantes la nueva Categorizaci\u00f3n Ambiental Nacional. \u201cLa creaci\u00f3n de las categor\u00edas reforma el sistema de emisi\u00f3n de permisos ambientales en el pa\u00eds, adem\u00e1s, optimiza y reduce tiempos en lo procesos de regularizaci\u00f3n de los proyectos y actividades\u201d, afirm\u00f3.<\/p>\n<p style=\"text-align: justify;\">Los temas abordados en el taller fueron principios b\u00e1sicos como la metodolog\u00eda utilizada para la creaci\u00f3n del sistema de categorizaci\u00f3n, que a diferencia del proceso anterior, permite identificar el impacto de los proyectos bajo rangos que consideran la presi\u00f3n sobre aspectos sociales y ambientales.<\/p>\n<p style=\"text-align: justify;\">El nuevo sistema agilita la emisi\u00f3n de los permisos en las categor\u00edas que presentan una menor afectaci\u00f3n con el entorno. La categor\u00eda uno por ejemplo, presenta riesgos no significativos (como puede ser el caso de una bater\u00eda sanitaria),\u00a0 el tiempo de respuesta por parte del MAE es de apenas 48 horas y se autoriza su ejecuci\u00f3n con un Certificado de Registro Ambiental.<\/p>\n<p style=\"text-align: justify;\">Son cuatro las categor\u00edas ambientales nacionales, desde la segunda hasta la cuarta se expide necesariamente una Licencia Ambiental Nacional.<\/p>\n<p style=\"text-align: justify;\">Estas reformas han sido un trabajo continuo que ha incluido reformas de varios Acuerdos Ministeriales para que el cambio del sistema de categorizaci\u00f3n sea integral y complejo como la realidad socioambiental lo amerita.<\/p>\n<p style=\"text-align: justify;\">El Categorizaci\u00f3n Ambienta Nacional dentro del SUMA, es un esfuerzo que sirve para descentralizar la gesti\u00f3n ambiental a\u00a0 los gobiernos provinciales y municipales que cumplieron con los requisitos para la acreditaci\u00f3n y para que los proponentes tengan la facilidad de regularizarse. De esta manera se garantiza la sostenibilidad en el desarrollo local y regional.<\/p>\n<p style=\"text-align: justify;\">\n","protected":false},"excerpt":{"rendered":"<p class=\"excerpt\">Este mi\u00e9rcoles 15 de agosto, el Ministerio del Ambiente (MAE) imparti\u00f3 una capacitaci\u00f3n sobre\u00a0 la categorizaci\u00f3n ambiental nacional y reforma al t\u00edtulo del Sistema \u00danico de Manejo Ambiental (SUMA), en los predios del auditorio del CONECEL, en la ciudad de Quito. Al evento asistieron los gobiernos municipales y provinciales del pa\u00eds, que se encuentran acreditados. El Subsecretario de Calidad Ambiental&hellip; <a href=\"https:\/\/www.ambienteyenergia.gob.ec\/ambiente\/gobiernos-municipales-y-provinciales-acreditados-fueron-capacitados-sobre-las-reformas-y-categorias-del-suma\/\">Read more &rarr;<\/a><\/p>\n","protected":false},"author":13,"featured_media":14199,"comment_status":"open","ping_status":"open","sticky":false,"template":"","format":"standard","meta":{"footnotes":""},"categories":[16,4],"tags":[],"class_list":["post-14198","post","type-post","status-publish","format-standard","has-post-thumbnail","hentry","category-comunicamos","category-noticias","xfolkentry"],"_links":{"self":[{"href":"https:\/\/www.ambienteyenergia.gob.ec\/ambiente\/wp-json\/wp\/v2\/posts\/14198","targetHints":{"allow":["GET"]}}],"collection":[{"href":"https:\/\/www.ambienteyenergia.gob.ec\/ambiente\/wp-json\/wp\/v2\/posts"}],"about":[{"href":"https:\/\/www.ambienteyenergia.gob.ec\/ambiente\/wp-json\/wp\/v2\/types\/post"}],"author":[{"embeddable":true,"href":"https:\/\/www.ambienteyenergia.gob.ec\/ambiente\/wp-json\/wp\/v2\/users\/13"}],"replies":[{"embeddable":true,"href":"https:\/\/www.ambienteyenergia.gob.ec\/ambiente\/wp-json\/wp\/v2\/comments?post=14198"}],"version-history":[{"count":0,"href":"https:\/\/www.ambienteyenergia.gob.ec\/ambiente\/wp-json\/wp\/v2\/posts\/14198\/revisions"}],"wp:featuredmedia":[{"embeddable":true,"href":"https:\/\/www.ambienteyenergia.gob.ec\/ambiente\/wp-json\/wp\/v2\/media\/14199"}],"wp:attachment":[{"href":"https:\/\/www.ambienteyenergia.gob.ec\/ambiente\/wp-json\/wp\/v2\/media?parent=14198"}],"wp:term":[{"taxonomy":"category","embeddable":true,"href":"https:\/\/www.ambienteyenergia.gob.ec\/ambiente\/wp-json\/wp\/v2\/categories?post=14198"},{"taxonomy":"post_tag","embeddable":true,"href":"https:\/\/www.ambienteyenergia.gob.ec\/ambiente\/wp-json\/wp\/v2\/tags?post=14198"}],"curies":[{"name":"wp","href":"https:\/\/api.w.org\/{rel}","templated":true}]}}