{"id":14191,"date":"2013-08-15T15:32:29","date_gmt":"2013-08-15T20:32:29","guid":{"rendered":"http:\/\/www.ambiente.gob.ec\/?p=14191"},"modified":"2013-08-15T15:32:29","modified_gmt":"2013-08-15T20:32:29","slug":"mae-insta-a-la-ciudadania-a-proteger-las-ballenas","status":"publish","type":"post","link":"https:\/\/www.ambienteyenergia.gob.ec\/ambiente\/mae-insta-a-la-ciudadania-a-proteger-las-ballenas\/","title":{"rendered":"MAE insta a la ciudadan\u00eda a proteger las ballenas"},"content":{"rendered":"<p style=\"text-align: justify;\">El Ministerio del Ambiente (MAE) insta a los pescadores, capitanes de embarcaciones y ciudadan\u00eda en general a realizar un verdadero aporte en la protecci\u00f3n y cuidado de las especies marinas, en especial las ballenas jorobadas que surcan nuestros mares durante junio y septiembre de cada a\u00f1o.<\/p>\n<p style=\"text-align: justify;\">Al presentar una denuncia por anomal\u00edas con esta u otras especies, el personal solicita al denunciante permanecer monitoreando al animal hasta que el equipo de rescate del MAE llegue, esto permitir\u00e1 dar con la ubicaci\u00f3n exacta y en un menor tiempo socorrerlo.<\/p>\n<p style=\"text-align: justify;\">De no tener esta ayuda, las corrientes y el movimiento propio del animal dificultar\u00e1n su ubicaci\u00f3n inmediata y evitar\u00e1n que el equipo pueda lograr el rescate de la especie, tal como ocurri\u00f3 el lunes pasado con una ballena enmallada en las inmediaciones de la Reserva de Producci\u00f3n Faun\u00edstica Marino y Costera Puntilla de Santa Elena (Remacopse).<\/p>\n<p style=\"text-align: justify;\">Hasta ahora los intentos del personal de la Remacopse y de otras instituciones de dar con el paradero del cet\u00e1ceo, han sido infructuosos. No obstante, continuamos con el retiro de trasmallos de pesca abandonados que se encuentran en el mar, a la deriva, evitando que estos sean una trampa mortal para las especies marinas.<\/p>\n<p style=\"text-align: justify;\">\n<p style=\"text-align: justify;\">\n","protected":false},"excerpt":{"rendered":"<p class=\"excerpt\">El Ministerio del Ambiente (MAE) insta a los pescadores, capitanes de embarcaciones y ciudadan\u00eda en general a realizar un verdadero aporte en la protecci\u00f3n y cuidado de las especies marinas, en especial las ballenas jorobadas que surcan nuestros mares durante junio y septiembre de cada a\u00f1o. Al presentar una denuncia por anomal\u00edas con esta u otras especies, el personal solicita&hellip; <a href=\"https:\/\/www.ambienteyenergia.gob.ec\/ambiente\/mae-insta-a-la-ciudadania-a-proteger-las-ballenas\/\">Read more &rarr;<\/a><\/p>\n","protected":false},"author":13,"featured_media":14192,"comment_status":"open","ping_status":"open","sticky":false,"template":"","format":"standard","meta":{"footnotes":""},"categories":[16,4],"tags":[],"class_list":["post-14191","post","type-post","status-publish","format-standard","has-post-thumbnail","hentry","category-comunicamos","category-noticias","xfolkentry"],"_links":{"self":[{"href":"https:\/\/www.ambienteyenergia.gob.ec\/ambiente\/wp-json\/wp\/v2\/posts\/14191","targetHints":{"allow":["GET"]}}],"collection":[{"href":"https:\/\/www.ambienteyenergia.gob.ec\/ambiente\/wp-json\/wp\/v2\/posts"}],"about":[{"href":"https:\/\/www.ambienteyenergia.gob.ec\/ambiente\/wp-json\/wp\/v2\/types\/post"}],"author":[{"embeddable":true,"href":"https:\/\/www.ambienteyenergia.gob.ec\/ambiente\/wp-json\/wp\/v2\/users\/13"}],"replies":[{"embeddable":true,"href":"https:\/\/www.ambienteyenergia.gob.ec\/ambiente\/wp-json\/wp\/v2\/comments?post=14191"}],"version-history":[{"count":0,"href":"https:\/\/www.ambienteyenergia.gob.ec\/ambiente\/wp-json\/wp\/v2\/posts\/14191\/revisions"}],"wp:featuredmedia":[{"embeddable":true,"href":"https:\/\/www.ambienteyenergia.gob.ec\/ambiente\/wp-json\/wp\/v2\/media\/14192"}],"wp:attachment":[{"href":"https:\/\/www.ambienteyenergia.gob.ec\/ambiente\/wp-json\/wp\/v2\/media?parent=14191"}],"wp:term":[{"taxonomy":"category","embeddable":true,"href":"https:\/\/www.ambienteyenergia.gob.ec\/ambiente\/wp-json\/wp\/v2\/categories?post=14191"},{"taxonomy":"post_tag","embeddable":true,"href":"https:\/\/www.ambienteyenergia.gob.ec\/ambiente\/wp-json\/wp\/v2\/tags?post=14191"}],"curies":[{"name":"wp","href":"https:\/\/api.w.org\/{rel}","templated":true}]}}