{"id":14186,"date":"2013-08-15T14:48:48","date_gmt":"2013-08-15T19:48:48","guid":{"rendered":"http:\/\/www.ambiente.gob.ec\/?p=14186"},"modified":"2013-08-15T14:48:48","modified_gmt":"2013-08-15T19:48:48","slug":"pesqueria-de-langosta-en-galapagos-iniciara-el-20-de-agosto","status":"publish","type":"post","link":"https:\/\/www.ambienteyenergia.gob.ec\/ambiente\/pesqueria-de-langosta-en-galapagos-iniciara-el-20-de-agosto\/","title":{"rendered":"Pesquer\u00eda de langosta en Gal\u00e1pagos iniciar\u00e1 el 20 de agosto"},"content":{"rendered":"<p style=\"text-align: justify;\">Por solicitud del Sector Pesquero Artesanal de Gal\u00e1pagos, la Direcci\u00f3n del Parque Nacional Gal\u00e1pagos decidi\u00f3 posponer la apertura de la pesquer\u00eda de langosta espinosa dentro de la Reserva Marina de Gal\u00e1pagos, hasta el martes 20 de agosto.<\/p>\n<p style=\"text-align: justify;\">Algunos de los factores m\u00e1s importantes por los que se tom\u00f3 esta decisi\u00f3n son las malas condiciones clim\u00e1ticas y oceanogr\u00e1ficas que dificultan las actividades pesqueras. As\u00ed como, la necesidad de finalizar ciertos acuerdos de comercializaci\u00f3n del producto que est\u00e1 llevando a cabo la Cooperativa de Pesca COPROPAG de Santa Cruz.<\/p>\n<p style=\"text-align: justify;\">La Junta de Manejo Participativo reunida el 2 de agosto acord\u00f3 autorizar la apertura de la pesquer\u00eda de langosta espinosa con una cuota de 35 toneladas de cola de langosta roja y 11 de verde.<\/p>\n<p style=\"text-align: justify;\">Las regulaciones ser\u00e1n emitidas por el Ministerio del Ambiente (MAE), a trav\u00e9s de la Direcci\u00f3n del Parque Nacional Gal\u00e1pagos, Autoridad Ambiental que ejercer\u00e1 el monitoreo, control y seguimiento de la actividad desde la captura del producto hasta su salida hacia la parte continental.<\/p>\n<p>&nbsp;<\/p>\n","protected":false},"excerpt":{"rendered":"<p class=\"excerpt\">Por solicitud del Sector Pesquero Artesanal de Gal\u00e1pagos, la Direcci\u00f3n del Parque Nacional Gal\u00e1pagos decidi\u00f3 posponer la apertura de la pesquer\u00eda de langosta espinosa dentro de la Reserva Marina de Gal\u00e1pagos, hasta el martes 20 de agosto. Algunos de los factores m\u00e1s importantes por los que se tom\u00f3 esta decisi\u00f3n son las malas condiciones clim\u00e1ticas y oceanogr\u00e1ficas que dificultan las&hellip; <a href=\"https:\/\/www.ambienteyenergia.gob.ec\/ambiente\/pesqueria-de-langosta-en-galapagos-iniciara-el-20-de-agosto\/\">Read more &rarr;<\/a><\/p>\n","protected":false},"author":13,"featured_media":14187,"comment_status":"open","ping_status":"open","sticky":false,"template":"","format":"standard","meta":{"footnotes":""},"categories":[16,4],"tags":[],"class_list":["post-14186","post","type-post","status-publish","format-standard","has-post-thumbnail","hentry","category-comunicamos","category-noticias","xfolkentry"],"_links":{"self":[{"href":"https:\/\/www.ambienteyenergia.gob.ec\/ambiente\/wp-json\/wp\/v2\/posts\/14186","targetHints":{"allow":["GET"]}}],"collection":[{"href":"https:\/\/www.ambienteyenergia.gob.ec\/ambiente\/wp-json\/wp\/v2\/posts"}],"about":[{"href":"https:\/\/www.ambienteyenergia.gob.ec\/ambiente\/wp-json\/wp\/v2\/types\/post"}],"author":[{"embeddable":true,"href":"https:\/\/www.ambienteyenergia.gob.ec\/ambiente\/wp-json\/wp\/v2\/users\/13"}],"replies":[{"embeddable":true,"href":"https:\/\/www.ambienteyenergia.gob.ec\/ambiente\/wp-json\/wp\/v2\/comments?post=14186"}],"version-history":[{"count":0,"href":"https:\/\/www.ambienteyenergia.gob.ec\/ambiente\/wp-json\/wp\/v2\/posts\/14186\/revisions"}],"wp:featuredmedia":[{"embeddable":true,"href":"https:\/\/www.ambienteyenergia.gob.ec\/ambiente\/wp-json\/wp\/v2\/media\/14187"}],"wp:attachment":[{"href":"https:\/\/www.ambienteyenergia.gob.ec\/ambiente\/wp-json\/wp\/v2\/media?parent=14186"}],"wp:term":[{"taxonomy":"category","embeddable":true,"href":"https:\/\/www.ambienteyenergia.gob.ec\/ambiente\/wp-json\/wp\/v2\/categories?post=14186"},{"taxonomy":"post_tag","embeddable":true,"href":"https:\/\/www.ambienteyenergia.gob.ec\/ambiente\/wp-json\/wp\/v2\/tags?post=14186"}],"curies":[{"name":"wp","href":"https:\/\/api.w.org\/{rel}","templated":true}]}}