{"id":14173,"date":"2013-08-15T10:03:06","date_gmt":"2013-08-15T15:03:06","guid":{"rendered":"http:\/\/www.ambiente.gob.ec\/?p=14173"},"modified":"2013-08-15T11:33:33","modified_gmt":"2013-08-15T16:33:33","slug":"ecuador-descubre-al-olinguito-nueva-especie-de-mamifero-de-los-bosques-ecuatorianos","status":"publish","type":"post","link":"https:\/\/www.ambienteyenergia.gob.ec\/ambiente\/ecuador-descubre-al-olinguito-nueva-especie-de-mamifero-de-los-bosques-ecuatorianos\/","title":{"rendered":"Ecuador descubre al olinguito, nueva especie de mam\u00edfero de los bosques ecuatorianos"},"content":{"rendered":"<p style=\"text-align: justify;\"><strong>Olinguito <\/strong>(<em>Bassaricyon neblina)<\/em><strong> es \u00a0<\/strong>una <strong>nueva especie<\/strong> <strong>de<\/strong> <strong>carn\u00edvoro<\/strong> que <strong>habita<\/strong> en los <strong>bosques nublados<\/strong> de los <strong>Andes Ecuatorianos<\/strong> y que fue descubierto\u00a0 en nuestro pa\u00eds.El animal, que f\u00edsicamente es muy parecido al cusumo (<em>Potos flavus<\/em>), ha sufrido por m\u00e1s de 100\u00a0a\u00f1os un caso de <strong>identidad err\u00f3nea<\/strong>. Este hallazgo cient\u00edfico es un acontecimiento importante para la ciencia, pues vuelve a suceder despu\u00e9s de <strong>35 a\u00f1os<\/strong> en el hemisferio occidental.<\/p>\n<p style=\"text-align: justify;\">El descubrimiento lo realiz\u00f3 Smithsonian Institution y la Pontificia Universidad Cat\u00f3lica del Ecuador con el apoyo del Ministerio del Ambiente (MAE), qui\u00e9n otorg\u00f3 los permisos y las certificaciones para realizar este proyecto de investigaci\u00f3n. Con esta autorizaci\u00f3n los cient\u00edficos pudieron acceder al h\u00e1bitat del olinguito y tomar nuevos datos, que permitieron conocer m\u00e1s sobre la biolog\u00eda de este animal nuevo para la ciencia.<\/p>\n<p style=\"text-align: justify;\">\u201cEl Ministerio del Ambiente fue un pilar fundamental para realizar esta exploraci\u00f3n, sin el apoyo de esta instituci\u00f3n no hubi\u00e9ramos podido llevar a cabo esta investigaci\u00f3n\u201d, afirm\u00f3 Miguel Pinto, Investigador Asociado al Centro de Investigaci\u00f3n de enfermedades infecciosas de la PUCE.<\/p>\n<p style=\"text-align: justify;\">La investigaci\u00f3n que llev\u00f3 al descubrimiento de esta especie carn\u00edvora y sus particularidades, la inici\u00f3 un grupo de cient\u00edficos, bas\u00e1ndose en espec\u00edmenes recolectados en el siglo XX y en referencias de animales exhibidos en zool\u00f3gicos. As\u00ed, los especialistas determinaron que estaban frente a una especie no descrita.<\/p>\n<p style=\"text-align: justify;\">\u201cEl olinguito pesa alrededor de dos libras y su cuerpo mide 35cm, y con su cola puede llegar a medir 70cm aproximadamente. Este es un animal arbor\u00edcola, es muy h\u00e1bil saltando de rama en rama y es estrictamente nocturno\u201d, explic\u00f3 Pinto.<\/p>\n<p style=\"text-align: justify;\">Esta investigaci\u00f3n es una revisi\u00f3n muy amplia de la historia evolutiva de este grupo, en la que se incluyeron datos modernos sobre la distribuci\u00f3n geogr\u00e1fica y tambi\u00e9n sobre relaciones sistem\u00e1ticas y filogen\u00e9ticas. \u201cEsperamos que esta contribuci\u00f3n sirva como una pauta para estudios de taxonom\u00eda que sean integrales en su enfoque, es decir que no solo se basen en los aspectos morfol\u00f3gicos ni en las muestras de ADN sino que integren datos completos\u201d, expres\u00f3 el investigador de la PUCE, Miguel Pinto.<\/p>\n<p style=\"text-align: justify;\">El olinguito aparte de ser un hecho de inter\u00e9s acad\u00e9mico y cient\u00edfico, espera convertirse en una\u00a0 especie embajadora de los bosques nublados de Ecuador y Colombia, para llamar la atenci\u00f3n del mundo en estos h\u00e1bitats cr\u00edticamente amenazados.<\/p>\n<p style=\"text-align: justify;\">El MAE, como principal Autoridad Ambiental, busca apoyar iniciativas como esta que aporten al rol de la academia en la investigaci\u00f3n de la biodiversidad nativa y que fomenten la conservaci\u00f3n de los diferentes h\u00e1bitats de especies como el olinguito.<\/p>\n<div id='gallery-1' class='gallery galleryid-14173 gallery-columns-4 gallery-size-thumbnail'><dl class='gallery-item'>\n\t\t\t<dt class='gallery-icon landscape'>\n\t\t\t\t<a href='https:\/\/www.ambienteyenergia.gob.ec\/ambiente\/ecuador-descubre-al-olinguito-nueva-especie-de-mamifero-de-los-bosques-ecuatorianos\/img_7004\/'><img loading=\"lazy\" decoding=\"async\" width=\"150\" height=\"150\" src=\"https:\/\/www.ambienteyenergia.gob.ec\/ambiente\/wp-content\/uploads\/sites\/2\/2013\/08\/IMG_7004-150x150.jpg\" class=\"attachment-thumbnail size-thumbnail\" alt=\"\" \/><\/a>\n\t\t\t<\/dt><\/dl><dl class='gallery-item'>\n\t\t\t<dt class='gallery-icon landscape'>\n\t\t\t\t<a href='https:\/\/www.ambienteyenergia.gob.ec\/ambiente\/ecuador-descubre-al-olinguito-nueva-especie-de-mamifero-de-los-bosques-ecuatorianos\/olinguito3\/'><img loading=\"lazy\" decoding=\"async\" width=\"150\" height=\"150\" src=\"https:\/\/www.ambienteyenergia.gob.ec\/ambiente\/wp-content\/uploads\/sites\/2\/2013\/08\/Olinguito3-150x150.jpg\" class=\"attachment-thumbnail size-thumbnail\" alt=\"\" \/><\/a>\n\t\t\t<\/dt><\/dl><dl class='gallery-item'>\n\t\t\t<dt class='gallery-icon landscape'>\n\t\t\t\t<a href='https:\/\/www.ambienteyenergia.gob.ec\/ambiente\/ecuador-descubre-al-olinguito-nueva-especie-de-mamifero-de-los-bosques-ecuatorianos\/olinguito3-01\/'><img loading=\"lazy\" decoding=\"async\" width=\"150\" height=\"150\" src=\"https:\/\/www.ambienteyenergia.gob.ec\/ambiente\/wp-content\/uploads\/sites\/2\/2013\/08\/Olinguito3-01-150x150.jpg\" class=\"attachment-thumbnail size-thumbnail\" alt=\"\" \/><\/a>\n\t\t\t<\/dt><\/dl>\n\t\t\t<br style='clear: both' \/>\n\t\t<\/div>\n\n","protected":false},"excerpt":{"rendered":"<p class=\"excerpt\">Olinguito (Bassaricyon neblina) es \u00a0una nueva especie de carn\u00edvoro que habita en los bosques nublados de los Andes Ecuatorianos y que fue descubierto\u00a0 en nuestro pa\u00eds.El animal, que f\u00edsicamente es muy parecido al cusumo (Potos flavus), ha sufrido por m\u00e1s de 100\u00a0a\u00f1os un caso de identidad err\u00f3nea. Este hallazgo cient\u00edfico es un acontecimiento importante para la ciencia, pues vuelve a&hellip; <a href=\"https:\/\/www.ambienteyenergia.gob.ec\/ambiente\/ecuador-descubre-al-olinguito-nueva-especie-de-mamifero-de-los-bosques-ecuatorianos\/\">Read more &rarr;<\/a><\/p>\n","protected":false},"author":13,"featured_media":14176,"comment_status":"open","ping_status":"open","sticky":false,"template":"","format":"standard","meta":{"footnotes":""},"categories":[16,4],"tags":[],"class_list":["post-14173","post","type-post","status-publish","format-standard","has-post-thumbnail","hentry","category-comunicamos","category-noticias","xfolkentry"],"_links":{"self":[{"href":"https:\/\/www.ambienteyenergia.gob.ec\/ambiente\/wp-json\/wp\/v2\/posts\/14173","targetHints":{"allow":["GET"]}}],"collection":[{"href":"https:\/\/www.ambienteyenergia.gob.ec\/ambiente\/wp-json\/wp\/v2\/posts"}],"about":[{"href":"https:\/\/www.ambienteyenergia.gob.ec\/ambiente\/wp-json\/wp\/v2\/types\/post"}],"author":[{"embeddable":true,"href":"https:\/\/www.ambienteyenergia.gob.ec\/ambiente\/wp-json\/wp\/v2\/users\/13"}],"replies":[{"embeddable":true,"href":"https:\/\/www.ambienteyenergia.gob.ec\/ambiente\/wp-json\/wp\/v2\/comments?post=14173"}],"version-history":[{"count":0,"href":"https:\/\/www.ambienteyenergia.gob.ec\/ambiente\/wp-json\/wp\/v2\/posts\/14173\/revisions"}],"wp:featuredmedia":[{"embeddable":true,"href":"https:\/\/www.ambienteyenergia.gob.ec\/ambiente\/wp-json\/wp\/v2\/media\/14176"}],"wp:attachment":[{"href":"https:\/\/www.ambienteyenergia.gob.ec\/ambiente\/wp-json\/wp\/v2\/media?parent=14173"}],"wp:term":[{"taxonomy":"category","embeddable":true,"href":"https:\/\/www.ambienteyenergia.gob.ec\/ambiente\/wp-json\/wp\/v2\/categories?post=14173"},{"taxonomy":"post_tag","embeddable":true,"href":"https:\/\/www.ambienteyenergia.gob.ec\/ambiente\/wp-json\/wp\/v2\/tags?post=14173"}],"curies":[{"name":"wp","href":"https:\/\/api.w.org\/{rel}","templated":true}]}}