{"id":14166,"date":"2013-08-15T08:21:19","date_gmt":"2013-08-15T13:21:19","guid":{"rendered":"http:\/\/www.ambiente.gob.ec\/?p=14166"},"modified":"2013-08-15T08:21:19","modified_gmt":"2013-08-15T13:21:19","slug":"mae-capacito-a-lideres-de-opinion-en-temas-de-biotecnologia-y-bioseguridad-en-guayaquil","status":"publish","type":"post","link":"https:\/\/www.ambienteyenergia.gob.ec\/ambiente\/mae-capacito-a-lideres-de-opinion-en-temas-de-biotecnologia-y-bioseguridad-en-guayaquil\/","title":{"rendered":"MAE capacit\u00f3 a l\u00edderes de opini\u00f3n en temas de Biotecnolog\u00eda y Bioseguridad, en Guayaquil"},"content":{"rendered":"<p style=\"text-align: justify;\">De acuerdo con el \u201cEstudio de Percepci\u00f3n P\u00fablica. Organismos Gen\u00e9ticamente Modificados (OGM), Biotecnolog\u00eda y Bioseguridad\u201d, publicado en 2009; el 79% de la poblaci\u00f3n ecuatoriana desconoce qu\u00e9 es Biotecnolog\u00eda, el 81% qu\u00e9 es Bioseguridad y el 76% qu\u00e9 son los OGM.<\/p>\n<p style=\"text-align: justify;\">Ayer, con el objetivo de informar e incrementar el nivel de conocimiento y percepci\u00f3n p\u00fablica respecto a esta tem\u00e1tica de alta complejidad t\u00e9cnica y cient\u00edfica, el Ministerio del Ambiente (MAE) realiz\u00f3 el primer Taller Introductorio sobre Biotecnolog\u00eda, OGM y Bioseguridad, dirigido a l\u00edderes de opini\u00f3n y comunicadores sociales, en la ciudad de Guayaquil.<\/p>\n<p style=\"text-align: justify;\">La finalidad de este evento fue capacitar a l\u00edderes de opini\u00f3n y comunicadores sobre t\u00e9rminos, sitios cient\u00edficos de consulta y entidades competentes relacionadas con los temas antes mencionados.<\/p>\n<p style=\"text-align: justify;\">Esta informaci\u00f3n proporcionada por el MAE, entidad competente para la gesti\u00f3n de la Bioseguridad o seguridad de la Biotecnolog\u00eda en el Ecuador, seg\u00fan la Ley de Gesti\u00f3n Ambiental, permitir\u00e1 que los l\u00edderes de opini\u00f3n y comunicadores, quienes transmiten a la poblaci\u00f3n informaci\u00f3n sobre diferentes temas, cuenten con mejores herramientas para cumplir con su trabajo, de mejor manera.<\/p>\n<p style=\"text-align: justify;\">Este taller se desarroll\u00f3 como parte de las actividades contempladas en el Plan de Comunicaci\u00f3n sobre Biotecnolog\u00eda, OGM y Bioseguridad que el MAE, a trav\u00e9s de su Proyecto Implementaci\u00f3n del Marco Nacional de Bioseguridad, se encuentra ejecutando.<\/p>\n<div id='gallery-1' class='gallery galleryid-14166 gallery-columns-4 gallery-size-thumbnail'><dl class='gallery-item'>\n\t\t\t<dt class='gallery-icon landscape'>\n\t\t\t\t<a href='https:\/\/www.ambienteyenergia.gob.ec\/ambiente\/mae-capacito-a-lideres-de-opinion-en-temas-de-biotecnologia-y-bioseguridad-en-guayaquil\/t2-3\/'><img loading=\"lazy\" decoding=\"async\" width=\"150\" height=\"150\" src=\"https:\/\/www.ambienteyenergia.gob.ec\/ambiente\/wp-content\/uploads\/sites\/2\/2013\/08\/t21-150x150.jpg\" class=\"attachment-thumbnail size-thumbnail\" alt=\"\" \/><\/a>\n\t\t\t<\/dt><\/dl><dl class='gallery-item'>\n\t\t\t<dt class='gallery-icon landscape'>\n\t\t\t\t<a href='https:\/\/www.ambienteyenergia.gob.ec\/ambiente\/mae-capacito-a-lideres-de-opinion-en-temas-de-biotecnologia-y-bioseguridad-en-guayaquil\/t1-4\/'><img loading=\"lazy\" decoding=\"async\" width=\"150\" height=\"150\" src=\"https:\/\/www.ambienteyenergia.gob.ec\/ambiente\/wp-content\/uploads\/sites\/2\/2013\/08\/t11-150x150.jpg\" class=\"attachment-thumbnail size-thumbnail\" alt=\"\" \/><\/a>\n\t\t\t<\/dt><\/dl>\n\t\t\t<br style='clear: both' \/>\n\t\t<\/div>\n\n<p style=\"text-align: justify;\">\n<p style=\"text-align: justify;\">\n","protected":false},"excerpt":{"rendered":"<p class=\"excerpt\">De acuerdo con el \u201cEstudio de Percepci\u00f3n P\u00fablica. Organismos Gen\u00e9ticamente Modificados (OGM), Biotecnolog\u00eda y Bioseguridad\u201d, publicado en 2009; el 79% de la poblaci\u00f3n ecuatoriana desconoce qu\u00e9 es Biotecnolog\u00eda, el 81% qu\u00e9 es Bioseguridad y el 76% qu\u00e9 son los OGM. Ayer, con el objetivo de informar e incrementar el nivel de conocimiento y percepci\u00f3n p\u00fablica respecto a esta tem\u00e1tica de&hellip; <a href=\"https:\/\/www.ambienteyenergia.gob.ec\/ambiente\/mae-capacito-a-lideres-de-opinion-en-temas-de-biotecnologia-y-bioseguridad-en-guayaquil\/\">Read more &rarr;<\/a><\/p>\n","protected":false},"author":13,"featured_media":14167,"comment_status":"open","ping_status":"open","sticky":false,"template":"","format":"standard","meta":{"footnotes":""},"categories":[16,4],"tags":[],"class_list":["post-14166","post","type-post","status-publish","format-standard","has-post-thumbnail","hentry","category-comunicamos","category-noticias","xfolkentry"],"_links":{"self":[{"href":"https:\/\/www.ambienteyenergia.gob.ec\/ambiente\/wp-json\/wp\/v2\/posts\/14166","targetHints":{"allow":["GET"]}}],"collection":[{"href":"https:\/\/www.ambienteyenergia.gob.ec\/ambiente\/wp-json\/wp\/v2\/posts"}],"about":[{"href":"https:\/\/www.ambienteyenergia.gob.ec\/ambiente\/wp-json\/wp\/v2\/types\/post"}],"author":[{"embeddable":true,"href":"https:\/\/www.ambienteyenergia.gob.ec\/ambiente\/wp-json\/wp\/v2\/users\/13"}],"replies":[{"embeddable":true,"href":"https:\/\/www.ambienteyenergia.gob.ec\/ambiente\/wp-json\/wp\/v2\/comments?post=14166"}],"version-history":[{"count":0,"href":"https:\/\/www.ambienteyenergia.gob.ec\/ambiente\/wp-json\/wp\/v2\/posts\/14166\/revisions"}],"wp:featuredmedia":[{"embeddable":true,"href":"https:\/\/www.ambienteyenergia.gob.ec\/ambiente\/wp-json\/wp\/v2\/media\/14167"}],"wp:attachment":[{"href":"https:\/\/www.ambienteyenergia.gob.ec\/ambiente\/wp-json\/wp\/v2\/media?parent=14166"}],"wp:term":[{"taxonomy":"category","embeddable":true,"href":"https:\/\/www.ambienteyenergia.gob.ec\/ambiente\/wp-json\/wp\/v2\/categories?post=14166"},{"taxonomy":"post_tag","embeddable":true,"href":"https:\/\/www.ambienteyenergia.gob.ec\/ambiente\/wp-json\/wp\/v2\/tags?post=14166"}],"curies":[{"name":"wp","href":"https:\/\/api.w.org\/{rel}","templated":true}]}}