{"id":14147,"date":"2013-08-14T15:32:22","date_gmt":"2013-08-14T20:32:22","guid":{"rendered":"http:\/\/www.ambiente.gob.ec\/?p=14147"},"modified":"2013-08-14T15:32:22","modified_gmt":"2013-08-14T20:32:22","slug":"taller-de-regularizacion-ambiental-se-impartio-a-canicultores-en-imbabura","status":"publish","type":"post","link":"https:\/\/www.ambienteyenergia.gob.ec\/ambiente\/taller-de-regularizacion-ambiental-se-impartio-a-canicultores-en-imbabura\/","title":{"rendered":"Taller de regularizaci\u00f3n ambiental se imparti\u00f3 a ca\u00f1icultores en Imbabura"},"content":{"rendered":"<p style=\"text-align: justify;\">El Ministerio del Ambiente (MAE), el pasado 13 de agosto, imparti\u00f3 un Taller de Regularizaci\u00f3n Ambiental con el fin de que las personas conozcan m\u00e1s sobre este mecanismo de control. En el evento participaron alrededor de 15 ca\u00f1icultores de la provincia de Imbabura.<\/p>\n<p style=\"text-align: justify;\">En esta jornada de capacitaci\u00f3n se abordaron aspectos t\u00e9cnicos de la Nueva Categorizaci\u00f3n Ambiental Nacional y su aplicaci\u00f3n mediante la utilizaci\u00f3n del Sistema \u00danico de Informaci\u00f3n Ambiental (SUIA).<\/p>\n<p style=\"text-align: justify;\">El MAE busca ejercer en forma eficaz y eficiente la legislaci\u00f3n ambiental vigente en el Ecuador, con el prop\u00f3sito de solucionar los problemas ambientales y promover la mejora continua en todos los procesos productivos mitigando la contaminaci\u00f3n ambiental.<\/p>\n<p style=\"text-align: justify;\">El SUIA es una plataforma que fue desarrollada para la gesti\u00f3n de tr\u00e1mites y proyectos encaminados al control, registro, mantenimiento y preservaci\u00f3n del ambiente.<\/p>\n<div id='gallery-1' class='gallery galleryid-14147 gallery-columns-4 gallery-size-thumbnail'><dl class='gallery-item'>\n\t\t\t<dt class='gallery-icon landscape'>\n\t\t\t\t<a href='https:\/\/www.ambienteyenergia.gob.ec\/ambiente\/taller-de-regularizacion-ambiental-se-impartio-a-canicultores-en-imbabura\/12-9\/'><img loading=\"lazy\" decoding=\"async\" width=\"150\" height=\"150\" src=\"https:\/\/www.ambienteyenergia.gob.ec\/ambiente\/wp-content\/uploads\/sites\/2\/2013\/08\/121-150x150.jpg\" class=\"attachment-thumbnail size-thumbnail\" alt=\"\" \/><\/a>\n\t\t\t<\/dt><\/dl><dl class='gallery-item'>\n\t\t\t<dt class='gallery-icon landscape'>\n\t\t\t\t<a href='https:\/\/www.ambienteyenergia.gob.ec\/ambiente\/taller-de-regularizacion-ambiental-se-impartio-a-canicultores-en-imbabura\/i1-2\/'><img loading=\"lazy\" decoding=\"async\" width=\"150\" height=\"150\" src=\"https:\/\/www.ambienteyenergia.gob.ec\/ambiente\/wp-content\/uploads\/sites\/2\/2013\/08\/i1-150x150.jpg\" class=\"attachment-thumbnail size-thumbnail\" alt=\"\" \/><\/a>\n\t\t\t<\/dt><\/dl>\n\t\t\t<br style='clear: both' \/>\n\t\t<\/div>\n\n<p style=\"text-align: justify;\">\n","protected":false},"excerpt":{"rendered":"<p class=\"excerpt\">El Ministerio del Ambiente (MAE), el pasado 13 de agosto, imparti\u00f3 un Taller de Regularizaci\u00f3n Ambiental con el fin de que las personas conozcan m\u00e1s sobre este mecanismo de control. En el evento participaron alrededor de 15 ca\u00f1icultores de la provincia de Imbabura. En esta jornada de capacitaci\u00f3n se abordaron aspectos t\u00e9cnicos de la Nueva Categorizaci\u00f3n Ambiental Nacional y su&hellip; <a href=\"https:\/\/www.ambienteyenergia.gob.ec\/ambiente\/taller-de-regularizacion-ambiental-se-impartio-a-canicultores-en-imbabura\/\">Read more &rarr;<\/a><\/p>\n","protected":false},"author":13,"featured_media":14148,"comment_status":"open","ping_status":"open","sticky":false,"template":"","format":"standard","meta":{"footnotes":""},"categories":[16,4],"tags":[],"class_list":["post-14147","post","type-post","status-publish","format-standard","has-post-thumbnail","hentry","category-comunicamos","category-noticias","xfolkentry"],"_links":{"self":[{"href":"https:\/\/www.ambienteyenergia.gob.ec\/ambiente\/wp-json\/wp\/v2\/posts\/14147","targetHints":{"allow":["GET"]}}],"collection":[{"href":"https:\/\/www.ambienteyenergia.gob.ec\/ambiente\/wp-json\/wp\/v2\/posts"}],"about":[{"href":"https:\/\/www.ambienteyenergia.gob.ec\/ambiente\/wp-json\/wp\/v2\/types\/post"}],"author":[{"embeddable":true,"href":"https:\/\/www.ambienteyenergia.gob.ec\/ambiente\/wp-json\/wp\/v2\/users\/13"}],"replies":[{"embeddable":true,"href":"https:\/\/www.ambienteyenergia.gob.ec\/ambiente\/wp-json\/wp\/v2\/comments?post=14147"}],"version-history":[{"count":0,"href":"https:\/\/www.ambienteyenergia.gob.ec\/ambiente\/wp-json\/wp\/v2\/posts\/14147\/revisions"}],"wp:featuredmedia":[{"embeddable":true,"href":"https:\/\/www.ambienteyenergia.gob.ec\/ambiente\/wp-json\/wp\/v2\/media\/14148"}],"wp:attachment":[{"href":"https:\/\/www.ambienteyenergia.gob.ec\/ambiente\/wp-json\/wp\/v2\/media?parent=14147"}],"wp:term":[{"taxonomy":"category","embeddable":true,"href":"https:\/\/www.ambienteyenergia.gob.ec\/ambiente\/wp-json\/wp\/v2\/categories?post=14147"},{"taxonomy":"post_tag","embeddable":true,"href":"https:\/\/www.ambienteyenergia.gob.ec\/ambiente\/wp-json\/wp\/v2\/tags?post=14147"}],"curies":[{"name":"wp","href":"https:\/\/api.w.org\/{rel}","templated":true}]}}