{"id":14131,"date":"2013-08-14T12:22:58","date_gmt":"2013-08-14T17:22:58","guid":{"rendered":"http:\/\/www.ambiente.gob.ec\/?p=14131"},"modified":"2013-08-14T12:22:58","modified_gmt":"2013-08-14T17:22:58","slug":"un-camion-con-producto-forestal-fue-retenido-en-napo","status":"publish","type":"post","link":"https:\/\/www.ambienteyenergia.gob.ec\/ambiente\/un-camion-con-producto-forestal-fue-retenido-en-napo\/","title":{"rendered":"Un cami\u00f3n con producto forestal fue retenido en Napo"},"content":{"rendered":"<p style=\"text-align: justify;\">Ayer, el Ministerio del Ambiente (MAE), con la colaboraci\u00f3n de la Polic\u00eda Nacional, realiz\u00f3 la retenci\u00f3n de un veh\u00edculo pesado que transportaba 2.35 m\u00b3 de productos forestales (madera), en el Sector Alto Huambuno del Cant\u00f3n Tena, provincia de Napo. El propietario del cami\u00f3n no contaba con los permisos que establece la normativa ambiental vigente, como la Gu\u00eda de Movilizaci\u00f3n (documento otorgado por esta cartera de Estado para poder transportar madera).<\/p>\n<p style=\"text-align: justify;\">Entre las especies forestales que se decomisaron estaban canelo, sapote y doncel. Por otro lado, el veh\u00edculo fue trasladado hasta los patios de la Direcci\u00f3n Provincial del Ministerio del Ambiente de Napo, para levantar el proceso administrativo pertinente.<\/p>\n<p style=\"text-align: justify;\">La acci\u00f3n es amparada bajo el Art. 43 de la codificaci\u00f3n de la Ley Forestal y de Conservaci\u00f3n de \u00c1reas Naturales y Vida Silvestre, en la que se se\u00f1ala que el Ministerio del Ambiente vigilar\u00e1 todas las etapas primarias de producci\u00f3n, tenencia, aprovechamiento y comercializaci\u00f3n de materias primas forestales.<\/p>\n<p style=\"text-align: justify;\">El MAE, como Autoridad Nacional Ambiental, se encarga de aplicar los mecanismos efectivos de seguimiento y control del aprovechamiento y movilizaci\u00f3n de los Recursos Forestales en el pa\u00eds, priorizando la conservaci\u00f3n y el manejo sustentable de los bosques.<\/p>\n<p style=\"text-align: justify;\">Estos operativos continuar\u00e1n con el fin de evitar actividades ilegales como la comercializaci\u00f3n y para impulsar un adecuado sistema de Control Forestal.<\/p>\n<p style=\"text-align: justify;\"><a href=\"http:\/\/www.ambienteyenergia.gob.ec\/ambiente\/wp-content\/uploads\/2013\/08\/IMG_7484.jpg\"><img loading=\"lazy\" decoding=\"async\" class=\"aligncenter size-full wp-image-14132\" title=\"Un cami\u00f3n con producto forestal fue retenido en Napo \" src=\"http:\/\/www.ambienteyenergia.gob.ec\/ambiente\/wp-content\/uploads\/2013\/08\/IMG_7484.jpg\" alt=\"\" width=\"650\" height=\"434\" srcset=\"https:\/\/www.ambienteyenergia.gob.ec\/ambiente\/wp-content\/uploads\/sites\/2\/2013\/08\/IMG_7484.jpg 650w, https:\/\/www.ambienteyenergia.gob.ec\/ambiente\/wp-content\/uploads\/sites\/2\/2013\/08\/IMG_7484-300x200.jpg 300w, https:\/\/www.ambienteyenergia.gob.ec\/ambiente\/wp-content\/uploads\/sites\/2\/2013\/08\/IMG_7484-449x300.jpg 449w\" sizes=\"auto, (max-width: 650px) 100vw, 650px\" \/><\/a><\/p>\n","protected":false},"excerpt":{"rendered":"<p class=\"excerpt\">Ayer, el Ministerio del Ambiente (MAE), con la colaboraci\u00f3n de la Polic\u00eda Nacional, realiz\u00f3 la retenci\u00f3n de un veh\u00edculo pesado que transportaba 2.35 m\u00b3 de productos forestales (madera), en el Sector Alto Huambuno del Cant\u00f3n Tena, provincia de Napo. El propietario del cami\u00f3n no contaba con los permisos que establece la normativa ambiental vigente, como la Gu\u00eda de Movilizaci\u00f3n (documento&hellip; <a href=\"https:\/\/www.ambienteyenergia.gob.ec\/ambiente\/un-camion-con-producto-forestal-fue-retenido-en-napo\/\">Read more &rarr;<\/a><\/p>\n","protected":false},"author":13,"featured_media":14133,"comment_status":"open","ping_status":"open","sticky":false,"template":"","format":"standard","meta":{"footnotes":""},"categories":[16,4],"tags":[],"class_list":["post-14131","post","type-post","status-publish","format-standard","has-post-thumbnail","hentry","category-comunicamos","category-noticias","xfolkentry"],"_links":{"self":[{"href":"https:\/\/www.ambienteyenergia.gob.ec\/ambiente\/wp-json\/wp\/v2\/posts\/14131","targetHints":{"allow":["GET"]}}],"collection":[{"href":"https:\/\/www.ambienteyenergia.gob.ec\/ambiente\/wp-json\/wp\/v2\/posts"}],"about":[{"href":"https:\/\/www.ambienteyenergia.gob.ec\/ambiente\/wp-json\/wp\/v2\/types\/post"}],"author":[{"embeddable":true,"href":"https:\/\/www.ambienteyenergia.gob.ec\/ambiente\/wp-json\/wp\/v2\/users\/13"}],"replies":[{"embeddable":true,"href":"https:\/\/www.ambienteyenergia.gob.ec\/ambiente\/wp-json\/wp\/v2\/comments?post=14131"}],"version-history":[{"count":0,"href":"https:\/\/www.ambienteyenergia.gob.ec\/ambiente\/wp-json\/wp\/v2\/posts\/14131\/revisions"}],"wp:featuredmedia":[{"embeddable":true,"href":"https:\/\/www.ambienteyenergia.gob.ec\/ambiente\/wp-json\/wp\/v2\/media\/14133"}],"wp:attachment":[{"href":"https:\/\/www.ambienteyenergia.gob.ec\/ambiente\/wp-json\/wp\/v2\/media?parent=14131"}],"wp:term":[{"taxonomy":"category","embeddable":true,"href":"https:\/\/www.ambienteyenergia.gob.ec\/ambiente\/wp-json\/wp\/v2\/categories?post=14131"},{"taxonomy":"post_tag","embeddable":true,"href":"https:\/\/www.ambienteyenergia.gob.ec\/ambiente\/wp-json\/wp\/v2\/tags?post=14131"}],"curies":[{"name":"wp","href":"https:\/\/api.w.org\/{rel}","templated":true}]}}