{"id":14040,"date":"2013-08-12T15:05:46","date_gmt":"2013-08-12T20:05:46","guid":{"rendered":"http:\/\/www.ambiente.gob.ec\/?p=14040"},"modified":"2013-08-12T15:25:12","modified_gmt":"2013-08-12T20:25:12","slug":"foro-juvenil-en-conmemoracion-al-dia-interamericano-de-la-calidad-del-aire","status":"publish","type":"post","link":"https:\/\/www.ambienteyenergia.gob.ec\/ambiente\/foro-juvenil-en-conmemoracion-al-dia-interamericano-de-la-calidad-del-aire\/","title":{"rendered":"Foro juvenil en conmemoraci\u00f3n al D\u00eda Interamericano de la Calidad del Aire"},"content":{"rendered":"<p style=\"text-align: justify;\">El Ministerio del Ambiente (MAE), en conmemoraci\u00f3n al D\u00eda Interamericano de la Calidad del Aire, realiz\u00f3 un foro juvenil en las instalaciones de la Direcci\u00f3n Provincial de Chimborazo, el pasado 9 de agosto. En la ponencia participaron ocho j\u00f3venes de distintos sectores de la provincia entre l\u00edderes estudiantiles y barriales. El objetivo fue promover la importancia de la calidad del aire en la sociedad e identificar las percepciones y propuestas de acci\u00f3n de los j\u00f3venes.<\/p>\n<p style=\"text-align: justify;\">La Direcci\u00f3n de Informaci\u00f3n, Seguimiento y Evaluaci\u00f3n del MAE coordin\u00f3 este espacio, en el que los estudiantes expusieron sus ideas, ante un auditorio lleno, al que asistieron tambi\u00e9n representantes de los GADs Municipales.<\/p>\n<p style=\"text-align: justify;\">Durante el desarrollo, cada expositor explic\u00f3, en un tiempo de siete minutos, la realidad del aire en la provincia desde su punto de vista. Adem\u00e1s, plantearon pr\u00e1cticas ambientales alternativas para mitigar la problem\u00e1tica en la ciudadan\u00eda.<\/p>\n<p style=\"text-align: justify;\">Varias fueron las opiniones vertidas por el auditorio, la mayor\u00eda felicit\u00f3 este tipo de iniciativas e instaron a trabajar juntos en este tipo de acciones.<\/p>\n<p style=\"text-align: justify;\">Al finalizar se agradeci\u00f3 a los asistentes y panelistas que participaron en el foro y se les otorgo un certificado junto a un kit de \u201cGuardianes del Planeta\u201d, como reconocimiento.<\/p>\n<p style=\"text-align: justify;\">El MAE, como principal Autoridad Ambiental, invit\u00f3 a representantes de los GADs a continuar trabajando en el tema de Educaci\u00f3n Ambiental, especialmente con los j\u00f3venes.<\/p>\n<p style=\"text-align: justify;\">\n","protected":false},"excerpt":{"rendered":"<p class=\"excerpt\">El Ministerio del Ambiente (MAE), en conmemoraci\u00f3n al D\u00eda Interamericano de la Calidad del Aire, realiz\u00f3 un foro juvenil en las instalaciones de la Direcci\u00f3n Provincial de Chimborazo, el pasado 9 de agosto. En la ponencia participaron ocho j\u00f3venes de distintos sectores de la provincia entre l\u00edderes estudiantiles y barriales. El objetivo fue promover la importancia de la calidad del&hellip; <a href=\"https:\/\/www.ambienteyenergia.gob.ec\/ambiente\/foro-juvenil-en-conmemoracion-al-dia-interamericano-de-la-calidad-del-aire\/\">Read more &rarr;<\/a><\/p>\n","protected":false},"author":13,"featured_media":14041,"comment_status":"open","ping_status":"open","sticky":false,"template":"","format":"standard","meta":{"footnotes":""},"categories":[16,4],"tags":[],"class_list":["post-14040","post","type-post","status-publish","format-standard","has-post-thumbnail","hentry","category-comunicamos","category-noticias","xfolkentry"],"_links":{"self":[{"href":"https:\/\/www.ambienteyenergia.gob.ec\/ambiente\/wp-json\/wp\/v2\/posts\/14040","targetHints":{"allow":["GET"]}}],"collection":[{"href":"https:\/\/www.ambienteyenergia.gob.ec\/ambiente\/wp-json\/wp\/v2\/posts"}],"about":[{"href":"https:\/\/www.ambienteyenergia.gob.ec\/ambiente\/wp-json\/wp\/v2\/types\/post"}],"author":[{"embeddable":true,"href":"https:\/\/www.ambienteyenergia.gob.ec\/ambiente\/wp-json\/wp\/v2\/users\/13"}],"replies":[{"embeddable":true,"href":"https:\/\/www.ambienteyenergia.gob.ec\/ambiente\/wp-json\/wp\/v2\/comments?post=14040"}],"version-history":[{"count":0,"href":"https:\/\/www.ambienteyenergia.gob.ec\/ambiente\/wp-json\/wp\/v2\/posts\/14040\/revisions"}],"wp:featuredmedia":[{"embeddable":true,"href":"https:\/\/www.ambienteyenergia.gob.ec\/ambiente\/wp-json\/wp\/v2\/media\/14041"}],"wp:attachment":[{"href":"https:\/\/www.ambienteyenergia.gob.ec\/ambiente\/wp-json\/wp\/v2\/media?parent=14040"}],"wp:term":[{"taxonomy":"category","embeddable":true,"href":"https:\/\/www.ambienteyenergia.gob.ec\/ambiente\/wp-json\/wp\/v2\/categories?post=14040"},{"taxonomy":"post_tag","embeddable":true,"href":"https:\/\/www.ambienteyenergia.gob.ec\/ambiente\/wp-json\/wp\/v2\/tags?post=14040"}],"curies":[{"name":"wp","href":"https:\/\/api.w.org\/{rel}","templated":true}]}}