{"id":14032,"date":"2013-08-12T14:03:13","date_gmt":"2013-08-12T19:03:13","guid":{"rendered":"http:\/\/www.ambiente.gob.ec\/?p=14032"},"modified":"2013-08-12T15:22:56","modified_gmt":"2013-08-12T20:22:56","slug":"ministra-lorena-tapia-intercambia-experiencias-forestales-con-representantes-de-conaf-en-chile","status":"publish","type":"post","link":"https:\/\/www.ambienteyenergia.gob.ec\/ambiente\/ministra-lorena-tapia-intercambia-experiencias-forestales-con-representantes-de-conaf-en-chile\/","title":{"rendered":"Ministra Lorena Tapia intercambia experiencias forestales con representantes de CONAF, en Chile"},"content":{"rendered":"<p style=\"text-align: justify;\">Hoy, la Ministra del Ambiente, Lorena Tapia, en el marco de la visita oficial a Chile, particip\u00f3 en una reuni\u00f3n con representantes de la Corporaci\u00f3n Nacional Forestal (CONAF), instituci\u00f3n que tiene como principal objetivo administrar la pol\u00edtica forestal de Chile y fomentar el desarrollo del sector. El fin de este encuentro binacional es intercambiar experiencias en materia forestal y concretar acuerdos que beneficien a ambos pa\u00edses.<\/p>\n<p style=\"text-align: justify;\">En esta jornada de trabajo se trataron temas como control forestal, incentivos forestales, conservaci\u00f3n y manejo de \u00e1reas protegidas, reforestaci\u00f3n, hitos de desarrollo forestal de Chile y cooperaci\u00f3n t\u00e9cnica entre Ecuador y Chile. Como resultado de la reuni\u00f3n se intercambi\u00f3 informaci\u00f3n y experiencias en asuntos de Mercado de Carbono (salvaguardas) y manejo de \u00c1reas Protegidas.<\/p>\n<p style=\"text-align: justify;\">La M\u00e1xima Autoridad Ambiental, en su presentaci\u00f3n, explic\u00f3 la gesti\u00f3n que realiza el Ministerio del Ambiente (MAE) en las \u00c1reas Protegidas y c\u00f3mo la capacitaci\u00f3n y formaci\u00f3n de guardaparques representa un elemento clave en este proceso. Adem\u00e1s, mencion\u00f3 el trabajo que desarrolla esta Cartera de Estado en lo referente a la implementaci\u00f3n de estrategias y lineamientos para mejorar el control forestal en bosques nativos.<\/p>\n<p style=\"text-align: justify;\">Por su parte, Eduardo Vidal, Director ejecutivo de CONAF, expuso las actividades que efect\u00faa la Corporaci\u00f3n. Entre ellas, el manejo de incentivos para bosques nativos, incendios forestales y los procesos de participaci\u00f3n ciudadana en temas de \u00c1reas Protegidas.<\/p>\n<p style=\"text-align: justify;\">Asimismo, Vidal habl\u00f3 sobre los resultados y lecciones aprendidas en el desarrollo de los procesos integrales obtenidos en los incentivos de bosques nativos y c\u00f3mo el fomento de plantaciones forestales han aportado al desarrollo del Chile.<\/p>\n<p style=\"text-align: justify;\">En horas de la tarde, la Ministra del Ambiente, Lorena Tapia, se reunir\u00e1 con Carlos Munck\u00e9ber, Superintendente Ambiental de la Rep\u00fablica de Chile.<\/p>\n<p>&nbsp;<\/p>\n<p>&nbsp;<\/p>\n","protected":false},"excerpt":{"rendered":"<p class=\"excerpt\">Hoy, la Ministra del Ambiente, Lorena Tapia, en el marco de la visita oficial a Chile, particip\u00f3 en una reuni\u00f3n con representantes de la Corporaci\u00f3n Nacional Forestal (CONAF), instituci\u00f3n que tiene como principal objetivo administrar la pol\u00edtica forestal de Chile y fomentar el desarrollo del sector. El fin de este encuentro binacional es intercambiar experiencias en materia forestal y concretar&hellip; <a href=\"https:\/\/www.ambienteyenergia.gob.ec\/ambiente\/ministra-lorena-tapia-intercambia-experiencias-forestales-con-representantes-de-conaf-en-chile\/\">Read more &rarr;<\/a><\/p>\n","protected":false},"author":13,"featured_media":14037,"comment_status":"open","ping_status":"open","sticky":false,"template":"","format":"standard","meta":{"footnotes":""},"categories":[16,4,10],"tags":[],"class_list":["post-14032","post","type-post","status-publish","format-standard","has-post-thumbnail","hentry","category-comunicamos","category-noticias","category-noticias-destacadas","xfolkentry"],"_links":{"self":[{"href":"https:\/\/www.ambienteyenergia.gob.ec\/ambiente\/wp-json\/wp\/v2\/posts\/14032","targetHints":{"allow":["GET"]}}],"collection":[{"href":"https:\/\/www.ambienteyenergia.gob.ec\/ambiente\/wp-json\/wp\/v2\/posts"}],"about":[{"href":"https:\/\/www.ambienteyenergia.gob.ec\/ambiente\/wp-json\/wp\/v2\/types\/post"}],"author":[{"embeddable":true,"href":"https:\/\/www.ambienteyenergia.gob.ec\/ambiente\/wp-json\/wp\/v2\/users\/13"}],"replies":[{"embeddable":true,"href":"https:\/\/www.ambienteyenergia.gob.ec\/ambiente\/wp-json\/wp\/v2\/comments?post=14032"}],"version-history":[{"count":0,"href":"https:\/\/www.ambienteyenergia.gob.ec\/ambiente\/wp-json\/wp\/v2\/posts\/14032\/revisions"}],"wp:featuredmedia":[{"embeddable":true,"href":"https:\/\/www.ambienteyenergia.gob.ec\/ambiente\/wp-json\/wp\/v2\/media\/14037"}],"wp:attachment":[{"href":"https:\/\/www.ambienteyenergia.gob.ec\/ambiente\/wp-json\/wp\/v2\/media?parent=14032"}],"wp:term":[{"taxonomy":"category","embeddable":true,"href":"https:\/\/www.ambienteyenergia.gob.ec\/ambiente\/wp-json\/wp\/v2\/categories?post=14032"},{"taxonomy":"post_tag","embeddable":true,"href":"https:\/\/www.ambienteyenergia.gob.ec\/ambiente\/wp-json\/wp\/v2\/tags?post=14032"}],"curies":[{"name":"wp","href":"https:\/\/api.w.org\/{rel}","templated":true}]}}