{"id":14025,"date":"2013-08-12T11:51:50","date_gmt":"2013-08-12T16:51:50","guid":{"rendered":"http:\/\/www.ambiente.gob.ec\/?p=14025"},"modified":"2013-08-12T15:18:53","modified_gmt":"2013-08-12T20:18:53","slug":"huevo-de-albatros-eclosionaron-exitosamente-en-el-parque-nacional-machalilla","status":"publish","type":"post","link":"https:\/\/www.ambienteyenergia.gob.ec\/ambiente\/huevo-de-albatros-eclosionaron-exitosamente-en-el-parque-nacional-machalilla\/","title":{"rendered":"Huevos de albatros eclosionaron exitosamente en el Parque Nacional Machalilla"},"content":{"rendered":"<p style=\"text-align: justify;\">El Ministerio del Ambiente (MAE), desde mayo del presente a\u00f1o, monitorea permanentemente los albatros de la especie <em>Phoebastria irrorata<\/em>, que se encuentran en Isla de la Plata, dentro del Parque Nacional Machalilla, provincia de Manab\u00ed.<\/p>\n<p style=\"text-align: justify;\">En varios sitios del \u00e1rea protegida como el sector de Punta Machete, se observaron algunas parejas en cortejo, de las cuales anidaron tres. El primer huevo eclosion\u00f3 el 27 de junio y el segundo el 30 del mismo mes, gracias a la intervenci\u00f3n de funcionarios del MAE, quienes cuidan los nidos y verifican que la eclosi\u00f3n sea exitosa. El \u00faltimo polluelo a\u00fan no sale del huevo, pero se espera que lo haga en las siguientes semanas.<\/p>\n<p style=\"text-align: justify;\">\u00c1ngelo Traverso, coordinador zonal 4 del Ministerio del Ambiente para Manab\u00ed y Santo Domingo de los Ts\u00e1chilas, inform\u00f3 que Ecuador forma parte del Acuerdo sobre la Conservaci\u00f3n de Albatros y Petreles (ACAP), documento que lo compromete a preservar a estos animales, que son parte fundamental de los ecosistemas marinos. El objetivo de este Acuerdo es mantener un estado favorable para la conservaci\u00f3n de los albatros y petreles, y adoptar medidas colectivas para su subsistencia.<\/p>\n<p style=\"text-align: justify;\">Asimismo, el funcionario, enfatiz\u00f3 en que es indispensable mantener en aislamiento este sector para no interferir con el proceso natural de reproducci\u00f3n de las aves, pues anteriormente los visitantes ten\u00edan libre acceso a esta zona de la isla, lo que afectaba notablemente el comportamiento de los albatros.<\/p>\n<p style=\"text-align: justify;\">Para su reproducci\u00f3n el ave necesita de la sincronizaci\u00f3n de ciertos factores, entre ellos comida disponible en el oc\u00e9ano, un terreno accesible para caminar y para sus nidos, y lugares altos para despegar su vuelo. A diferencia de otras aves de mar, los albatros deben caminar desde el interior de la isla hacia los arrecifes antes de empezar a volar.<\/p>\n<p style=\"text-align: justify;\"><strong>El dato<\/strong><\/p>\n<p style=\"text-align: justify;\">Durante el mes de mayo estas aves incuban los huevos ubicados estrat\u00e9gicamente en nidos bajo los \u00e1rboles, hasta el mes de julio, cuando los polluelos empiezan a salir del cascar\u00f3n. Por otro lado, septiembre y octubre son meses en los que los polluelos aprenden a volar, para en diciembre salir definitivamente de la Isla de la Plata.<\/p>\n<p style=\"text-align: justify;\">\n","protected":false},"excerpt":{"rendered":"<p class=\"excerpt\">El Ministerio del Ambiente (MAE), desde mayo del presente a\u00f1o, monitorea permanentemente los albatros de la especie Phoebastria irrorata, que se encuentran en Isla de la Plata, dentro del Parque Nacional Machalilla, provincia de Manab\u00ed. En varios sitios del \u00e1rea protegida como el sector de Punta Machete, se observaron algunas parejas en cortejo, de las cuales anidaron tres. El primer&hellip; <a href=\"https:\/\/www.ambienteyenergia.gob.ec\/ambiente\/huevo-de-albatros-eclosionaron-exitosamente-en-el-parque-nacional-machalilla\/\">Read more &rarr;<\/a><\/p>\n","protected":false},"author":13,"featured_media":14026,"comment_status":"open","ping_status":"open","sticky":false,"template":"","format":"standard","meta":{"footnotes":""},"categories":[16,4],"tags":[],"class_list":["post-14025","post","type-post","status-publish","format-standard","has-post-thumbnail","hentry","category-comunicamos","category-noticias","xfolkentry"],"_links":{"self":[{"href":"https:\/\/www.ambienteyenergia.gob.ec\/ambiente\/wp-json\/wp\/v2\/posts\/14025","targetHints":{"allow":["GET"]}}],"collection":[{"href":"https:\/\/www.ambienteyenergia.gob.ec\/ambiente\/wp-json\/wp\/v2\/posts"}],"about":[{"href":"https:\/\/www.ambienteyenergia.gob.ec\/ambiente\/wp-json\/wp\/v2\/types\/post"}],"author":[{"embeddable":true,"href":"https:\/\/www.ambienteyenergia.gob.ec\/ambiente\/wp-json\/wp\/v2\/users\/13"}],"replies":[{"embeddable":true,"href":"https:\/\/www.ambienteyenergia.gob.ec\/ambiente\/wp-json\/wp\/v2\/comments?post=14025"}],"version-history":[{"count":0,"href":"https:\/\/www.ambienteyenergia.gob.ec\/ambiente\/wp-json\/wp\/v2\/posts\/14025\/revisions"}],"wp:featuredmedia":[{"embeddable":true,"href":"https:\/\/www.ambienteyenergia.gob.ec\/ambiente\/wp-json\/wp\/v2\/media\/14026"}],"wp:attachment":[{"href":"https:\/\/www.ambienteyenergia.gob.ec\/ambiente\/wp-json\/wp\/v2\/media?parent=14025"}],"wp:term":[{"taxonomy":"category","embeddable":true,"href":"https:\/\/www.ambienteyenergia.gob.ec\/ambiente\/wp-json\/wp\/v2\/categories?post=14025"},{"taxonomy":"post_tag","embeddable":true,"href":"https:\/\/www.ambienteyenergia.gob.ec\/ambiente\/wp-json\/wp\/v2\/tags?post=14025"}],"curies":[{"name":"wp","href":"https:\/\/api.w.org\/{rel}","templated":true}]}}