{"id":14017,"date":"2013-08-12T09:27:47","date_gmt":"2013-08-12T14:27:47","guid":{"rendered":"http:\/\/www.ambiente.gob.ec\/?p=14017"},"modified":"2013-08-12T15:14:53","modified_gmt":"2013-08-12T20:14:53","slug":"camal-municipal-la-mana-es-clausurado-por-no-cumplir-con-criterios-tecnicos","status":"publish","type":"post","link":"https:\/\/www.ambienteyenergia.gob.ec\/ambiente\/camal-municipal-la-mana-es-clausurado-por-no-cumplir-con-criterios-tecnicos\/","title":{"rendered":"Camal Municipal La Man\u00e1 fue clausurado por no cumplir con criterios t\u00e9cnicos"},"content":{"rendered":"<p style=\"text-align: justify;\">El Ministerio del Ambiente (MAE), en coordinaci\u00f3n con el Ministerio de Salud P\u00fablica (MSP) y Agrocalidad, clausur\u00f3 el pasado 30 de julio, el camal Municipal de La Man\u00e1, ubicado en la provincia de Cotopaxi. La medida se bas\u00f3 en los criterios t\u00e9cnicos de estas dos Carteras de Estado, amparadas en la Ley de Sanidad y la Normativa Ambiental vigente.<\/p>\n<p style=\"text-align: justify;\">Desde enero del 2011, se realizaron algunas inspecciones al sitio de faenamiento en el que se encontraron varias falencias, principalmente, en lo que se refiere a infraestructura y sanidad.<\/p>\n<p style=\"text-align: justify;\">Luego de la primera inspecci\u00f3n se inici\u00f3 un proceso administrativo, en el que se determinaba plazos para su regularizaci\u00f3n. En ese sentido, representantes de la Pre Asociaci\u00f3n de Expendedores, en una reuni\u00f3n interinstitucional proponen rehabilitar el Camal Municipal e incorporar un biodigestor para el tratamiento de aguas residuales.<\/p>\n<p style=\"text-align: justify;\">En el 2013, inician los proceso para la Regularizaci\u00f3n Ambiental del Camal, a trav\u00e9s del Sistema \u00danico de Informaci\u00f3n Ambiental (SUIA) del Ministerio del Ambiente, a nombre de la Asociaci\u00f3n de Introductores, matarifes y comercializadores de bovinos y porcinos La Man\u00e1, pero sin ning\u00fan documento habilitante que les responsabilice de la misma. Por lo que no se pudo completar el proceso de licenciamiento.<\/p>\n<p style=\"text-align: justify;\">Al no cumplir los requisitos que se determinan en la Normativa Ambiental y la Ley de Sanidad, se procedi\u00f3 a clausurar el lugar.<\/p>\n<p style=\"text-align: justify;\">El MAE, de acuerdo a sus competencias, levant\u00f3 un proceso administrativo en el que se impone una sanci\u00f3n de USD 29 000. La Autoridad Ambiental se mantendr\u00e1 vigilante para que no se reaperture el camal La Man\u00e1 y a la vez, sugiere la construcci\u00f3n de un camal municipal apropiado que cumpla con la condiciones de salubridad para este tipo de actividad.<\/p>\n<div id='gallery-1' class='gallery galleryid-14017 gallery-columns-4 gallery-size-thumbnail'><dl class='gallery-item'>\n\t\t\t<dt class='gallery-icon landscape'>\n\t\t\t\t<a href='https:\/\/www.ambienteyenergia.gob.ec\/ambiente\/camal-municipal-la-mana-es-clausurado-por-no-cumplir-con-criterios-tecnicos\/camal-1\/'><img loading=\"lazy\" decoding=\"async\" width=\"150\" height=\"150\" src=\"https:\/\/www.ambienteyenergia.gob.ec\/ambiente\/wp-content\/uploads\/sites\/2\/2013\/08\/camal-1-150x150.jpg\" class=\"attachment-thumbnail size-thumbnail\" alt=\"\" \/><\/a>\n\t\t\t<\/dt><\/dl><dl class='gallery-item'>\n\t\t\t<dt class='gallery-icon landscape'>\n\t\t\t\t<a href='https:\/\/www.ambienteyenergia.gob.ec\/ambiente\/camal-municipal-la-mana-es-clausurado-por-no-cumplir-con-criterios-tecnicos\/camal-2\/'><img loading=\"lazy\" decoding=\"async\" width=\"150\" height=\"150\" src=\"https:\/\/www.ambienteyenergia.gob.ec\/ambiente\/wp-content\/uploads\/sites\/2\/2013\/08\/camal-2-150x150.jpg\" class=\"attachment-thumbnail size-thumbnail\" alt=\"\" \/><\/a>\n\t\t\t<\/dt><\/dl>\n\t\t\t<br style='clear: both' \/>\n\t\t<\/div>\n\n","protected":false},"excerpt":{"rendered":"<p class=\"excerpt\">El Ministerio del Ambiente (MAE), en coordinaci\u00f3n con el Ministerio de Salud P\u00fablica (MSP) y Agrocalidad, clausur\u00f3 el pasado 30 de julio, el camal Municipal de La Man\u00e1, ubicado en la provincia de Cotopaxi. La medida se bas\u00f3 en los criterios t\u00e9cnicos de estas dos Carteras de Estado, amparadas en la Ley de Sanidad y la Normativa Ambiental vigente. Desde&hellip; <a href=\"https:\/\/www.ambienteyenergia.gob.ec\/ambiente\/camal-municipal-la-mana-es-clausurado-por-no-cumplir-con-criterios-tecnicos\/\">Read more &rarr;<\/a><\/p>\n","protected":false},"author":13,"featured_media":14018,"comment_status":"open","ping_status":"open","sticky":false,"template":"","format":"standard","meta":{"footnotes":""},"categories":[16,4],"tags":[],"class_list":["post-14017","post","type-post","status-publish","format-standard","has-post-thumbnail","hentry","category-comunicamos","category-noticias","xfolkentry"],"_links":{"self":[{"href":"https:\/\/www.ambienteyenergia.gob.ec\/ambiente\/wp-json\/wp\/v2\/posts\/14017","targetHints":{"allow":["GET"]}}],"collection":[{"href":"https:\/\/www.ambienteyenergia.gob.ec\/ambiente\/wp-json\/wp\/v2\/posts"}],"about":[{"href":"https:\/\/www.ambienteyenergia.gob.ec\/ambiente\/wp-json\/wp\/v2\/types\/post"}],"author":[{"embeddable":true,"href":"https:\/\/www.ambienteyenergia.gob.ec\/ambiente\/wp-json\/wp\/v2\/users\/13"}],"replies":[{"embeddable":true,"href":"https:\/\/www.ambienteyenergia.gob.ec\/ambiente\/wp-json\/wp\/v2\/comments?post=14017"}],"version-history":[{"count":0,"href":"https:\/\/www.ambienteyenergia.gob.ec\/ambiente\/wp-json\/wp\/v2\/posts\/14017\/revisions"}],"wp:featuredmedia":[{"embeddable":true,"href":"https:\/\/www.ambienteyenergia.gob.ec\/ambiente\/wp-json\/wp\/v2\/media\/14018"}],"wp:attachment":[{"href":"https:\/\/www.ambienteyenergia.gob.ec\/ambiente\/wp-json\/wp\/v2\/media?parent=14017"}],"wp:term":[{"taxonomy":"category","embeddable":true,"href":"https:\/\/www.ambienteyenergia.gob.ec\/ambiente\/wp-json\/wp\/v2\/categories?post=14017"},{"taxonomy":"post_tag","embeddable":true,"href":"https:\/\/www.ambienteyenergia.gob.ec\/ambiente\/wp-json\/wp\/v2\/tags?post=14017"}],"curies":[{"name":"wp","href":"https:\/\/api.w.org\/{rel}","templated":true}]}}