{"id":14004,"date":"2013-08-09T15:24:47","date_gmt":"2013-08-09T20:24:47","guid":{"rendered":"http:\/\/www.ambiente.gob.ec\/?p=14004"},"modified":"2013-08-09T15:24:47","modified_gmt":"2013-08-09T20:24:47","slug":"parte-del-cuerpo-de-ballena-jorobada-se-varo-en-el-golfo-de-guayaquil","status":"publish","type":"post","link":"https:\/\/www.ambienteyenergia.gob.ec\/ambiente\/parte-del-cuerpo-de-ballena-jorobada-se-varo-en-el-golfo-de-guayaquil\/","title":{"rendered":"Parte del cuerpo de ballena jorobada se var\u00f3 en el Golfo de Guayaquil"},"content":{"rendered":"<p style=\"text-align: justify;\">Parte del cuerpo de una ballena jorobada lleg\u00f3 el pasado 7 de julio, hasta la playa del sector Las Mar\u00edas de la Isla Pun\u00e1, en el Golfo de Guayaquil, en un alto grado de descomposici\u00f3n que no permite el movimiento del cuerpo para ser sepultado.<\/p>\n<p style=\"text-align: justify;\">T\u00e9cnicos del Refugio de Vida Silvestre Manglares El Morro inspeccionaron y mantienen el monitoreo en el \u00e1rea, pese a las condiciones de alto oleaje y aguaje que casi ocasionan el volcamiento de la embarcaci\u00f3n del Ministerio del Ambiente.<\/p>\n<p style=\"text-align: justify;\">Mar\u00eda Fernanda Cortez, jefa del refugio, mencion\u00f3 que no se puede identificar el sexo de la especie, debido a que la parte baja (inferior) del cuerpo se desmembr\u00f3, posiblemente durante el trayecto que tuvo el cuerpo hasta llegar a la playa.<\/p>\n<p style=\"text-align: justify;\">Sobre la arena yacen aproximadamente 7 metros de los restos del cet\u00e1ceo, sin evidenciar marcas de golpes, redes o mallas que hayan podido ocasionar su muerte.<\/p>\n<p style=\"text-align: justify;\">En espera a que hoy mejoren las condiciones del mar, entre el s\u00e1bado o domingo se coordinar\u00e1 el traslado, hasta la isla, de una retroexcavadora a bordo de una gabarra, que facilite el entierro de los restos del cet\u00e1ceo.<\/p>\n<p style=\"text-align: justify;\">T\u00e9cnicos del MAE aseguran que utilizar\u00e1n la t\u00e9cnica de disposici\u00f3n final adecuada, que permitan las condiciones clim\u00e1ticas, como por ejemplo la colocaci\u00f3n de cal sobre los restos del cet\u00e1ceo, debiendo quedar a la intemperie y que las especies carro\u00f1eras realicen su funci\u00f3n, sin que esto afecte a ninguna persona o poblado, pues el lugar est\u00e1 a 5 kil\u00f3metros de distancia, as\u00ed que no habr\u00e1 afectaci\u00f3n.<\/p>\n<p>&nbsp;<\/p>\n","protected":false},"excerpt":{"rendered":"<p class=\"excerpt\">Parte del cuerpo de una ballena jorobada lleg\u00f3 el pasado 7 de julio, hasta la playa del sector Las Mar\u00edas de la Isla Pun\u00e1, en el Golfo de Guayaquil, en un alto grado de descomposici\u00f3n que no permite el movimiento del cuerpo para ser sepultado. T\u00e9cnicos del Refugio de Vida Silvestre Manglares El Morro inspeccionaron y mantienen el monitoreo en&hellip; <a href=\"https:\/\/www.ambienteyenergia.gob.ec\/ambiente\/parte-del-cuerpo-de-ballena-jorobada-se-varo-en-el-golfo-de-guayaquil\/\">Read more &rarr;<\/a><\/p>\n","protected":false},"author":13,"featured_media":14005,"comment_status":"open","ping_status":"open","sticky":false,"template":"","format":"standard","meta":{"footnotes":""},"categories":[16,4],"tags":[],"class_list":["post-14004","post","type-post","status-publish","format-standard","has-post-thumbnail","hentry","category-comunicamos","category-noticias","xfolkentry"],"_links":{"self":[{"href":"https:\/\/www.ambienteyenergia.gob.ec\/ambiente\/wp-json\/wp\/v2\/posts\/14004","targetHints":{"allow":["GET"]}}],"collection":[{"href":"https:\/\/www.ambienteyenergia.gob.ec\/ambiente\/wp-json\/wp\/v2\/posts"}],"about":[{"href":"https:\/\/www.ambienteyenergia.gob.ec\/ambiente\/wp-json\/wp\/v2\/types\/post"}],"author":[{"embeddable":true,"href":"https:\/\/www.ambienteyenergia.gob.ec\/ambiente\/wp-json\/wp\/v2\/users\/13"}],"replies":[{"embeddable":true,"href":"https:\/\/www.ambienteyenergia.gob.ec\/ambiente\/wp-json\/wp\/v2\/comments?post=14004"}],"version-history":[{"count":0,"href":"https:\/\/www.ambienteyenergia.gob.ec\/ambiente\/wp-json\/wp\/v2\/posts\/14004\/revisions"}],"wp:featuredmedia":[{"embeddable":true,"href":"https:\/\/www.ambienteyenergia.gob.ec\/ambiente\/wp-json\/wp\/v2\/media\/14005"}],"wp:attachment":[{"href":"https:\/\/www.ambienteyenergia.gob.ec\/ambiente\/wp-json\/wp\/v2\/media?parent=14004"}],"wp:term":[{"taxonomy":"category","embeddable":true,"href":"https:\/\/www.ambienteyenergia.gob.ec\/ambiente\/wp-json\/wp\/v2\/categories?post=14004"},{"taxonomy":"post_tag","embeddable":true,"href":"https:\/\/www.ambienteyenergia.gob.ec\/ambiente\/wp-json\/wp\/v2\/tags?post=14004"}],"curies":[{"name":"wp","href":"https:\/\/api.w.org\/{rel}","templated":true}]}}