{"id":14000,"date":"2013-08-09T15:08:09","date_gmt":"2013-08-09T20:08:09","guid":{"rendered":"http:\/\/www.ambiente.gob.ec\/?p=14000"},"modified":"2013-08-09T15:08:09","modified_gmt":"2013-08-09T20:08:09","slug":"mae-evalua-ejecucion-del-programa-de-remediacion-ambiental-de-petroecuador-en-el-sote","status":"publish","type":"post","link":"https:\/\/www.ambienteyenergia.gob.ec\/ambiente\/mae-evalua-ejecucion-del-programa-de-remediacion-ambiental-de-petroecuador-en-el-sote\/","title":{"rendered":"MAE eval\u00faa ejecuci\u00f3n del Programa de Remediaci\u00f3n Ambiental de Petroecuador en el SOTE"},"content":{"rendered":"<p style=\"text-align: justify;\">El Ministerio del Ambiente (MAE), a trav\u00e9s del Programa de Reparaci\u00f3n Ambiental y Social (PRAS), y de las Direcciones Provinciales de Orellana y Sucumb\u00edos, controla y supervisa las acciones que la EP Petroecuador, como empresa responsable, ejecuta para remediar los da\u00f1os socio-ambientales generados por el derrame del Sistema de Oleoducto Transecuatoriano (SOTE), ocurrido el 31 de mayo de este a\u00f1o, a 200 metros del poblado \u201cEl Reventador\u201d, Provincia de Sucumb\u00edos.<\/p>\n<p style=\"text-align: justify;\">Desde que ocurri\u00f3 el incidente, las Direcciones del Ambiente de Orellana y Sucumb\u00edos realizan inspecciones t\u00e9cnicas para verificar el avance de los trabajos de limpieza y remediaci\u00f3n en la zona. Paralelamente, la Subsecretar\u00eda de Calidad Ambiental (SCA) y el PRAS revisan, eval\u00faan y orientan la ejecuci\u00f3n del Programa de Remediaci\u00f3n Ambiental de EP Petroecuador.<\/p>\n<p style=\"text-align: justify;\">Para levantar la informaci\u00f3n necesaria y elaborar el Programa de Remediaci\u00f3n Ambiental (PRA) del derrame, la EP Petroecuador cont\u00f3 con un equipo de 20 especialistas (bi\u00f3logos, ingenieros biotecn\u00f3logos, qu\u00edmicos, ingenieros ambientales, agr\u00f3nomos y soci\u00f3logos). Se realiz\u00f3 un levantamiento topogr\u00e1fico y georeferenciado, y se recopil\u00f3 informaci\u00f3n sobre la flora y fauna del \u00e1rea afectada. Asimismo, se tomaron varias muestras de agua con la finalidad de determinar la calidad del agua mediante la correlaci\u00f3n de an\u00e1lisis f\u00edsico-qu\u00edmico y biol\u00f3gico.<\/p>\n<p style=\"text-align: justify;\">Por solicitud del MAE, se reforz\u00f3 el muestreo de agua con cinco puntos adicionales a los establecidos en el r\u00edo Napo: Pompeya, Pa\u00f1acocha, El Ed\u00e9n, Tiputini, y desembocadura del r\u00edo Yasun\u00ed.<\/p>\n<p style=\"text-align: justify;\">El Programa de Remediaci\u00f3n Ambiental incluye c\u00e1lculos de la valoraci\u00f3n econ\u00f3mica de los da\u00f1os socioambientales, que se desarrollan en conformidad con los lineamientos t\u00e9cnicos y legales establecidos en el Acuerdo Interministerial 001 y la metodolog\u00eda de Valoraci\u00f3n Econ\u00f3mica del Da\u00f1o Ambiental (VEDA). Esta valoraci\u00f3n permite establecer un marco de referencia para que las acciones de indemnizaci\u00f3n y compensaci\u00f3n social sean justas, t\u00e9cnicamente sustentadas, y con un alto nivel de participaci\u00f3n por parte de los afectados.<\/p>\n<p style=\"text-align: justify;\">De esta manera, el Estado y el MAE evitan las negociaciones directas y el clientelismo social, y aseguran una gesti\u00f3n transparente del proceso de compensaci\u00f3n. Hasta el momento, se ha identificado cerca de 80 comunidades afectadas en 18 parroquias, ubicadas en 7 cantones de Orellana y Sucumb\u00edos. Una vez que el MAE apruebe el Programa de Remediaci\u00f3n Ambiental, que incluye el c\u00e1lculo de las indemnizaciones y compensaciones sociales, reactivar\u00e1 las Asambleas de Di\u00e1logo Social que se ha mantenido para organizar y coordinar con los afectados directos las acciones a desarrollar.<\/p>\n<p style=\"text-align: justify;\">\n<p>&nbsp;<\/p>\n","protected":false},"excerpt":{"rendered":"<p class=\"excerpt\">El Ministerio del Ambiente (MAE), a trav\u00e9s del Programa de Reparaci\u00f3n Ambiental y Social (PRAS), y de las Direcciones Provinciales de Orellana y Sucumb\u00edos, controla y supervisa las acciones que la EP Petroecuador, como empresa responsable, ejecuta para remediar los da\u00f1os socio-ambientales generados por el derrame del Sistema de Oleoducto Transecuatoriano (SOTE), ocurrido el 31 de mayo de este a\u00f1o,&hellip; <a href=\"https:\/\/www.ambienteyenergia.gob.ec\/ambiente\/mae-evalua-ejecucion-del-programa-de-remediacion-ambiental-de-petroecuador-en-el-sote\/\">Read more &rarr;<\/a><\/p>\n","protected":false},"author":13,"featured_media":14001,"comment_status":"open","ping_status":"open","sticky":false,"template":"","format":"standard","meta":{"footnotes":""},"categories":[16,4],"tags":[],"class_list":["post-14000","post","type-post","status-publish","format-standard","has-post-thumbnail","hentry","category-comunicamos","category-noticias","xfolkentry"],"_links":{"self":[{"href":"https:\/\/www.ambienteyenergia.gob.ec\/ambiente\/wp-json\/wp\/v2\/posts\/14000","targetHints":{"allow":["GET"]}}],"collection":[{"href":"https:\/\/www.ambienteyenergia.gob.ec\/ambiente\/wp-json\/wp\/v2\/posts"}],"about":[{"href":"https:\/\/www.ambienteyenergia.gob.ec\/ambiente\/wp-json\/wp\/v2\/types\/post"}],"author":[{"embeddable":true,"href":"https:\/\/www.ambienteyenergia.gob.ec\/ambiente\/wp-json\/wp\/v2\/users\/13"}],"replies":[{"embeddable":true,"href":"https:\/\/www.ambienteyenergia.gob.ec\/ambiente\/wp-json\/wp\/v2\/comments?post=14000"}],"version-history":[{"count":0,"href":"https:\/\/www.ambienteyenergia.gob.ec\/ambiente\/wp-json\/wp\/v2\/posts\/14000\/revisions"}],"wp:featuredmedia":[{"embeddable":true,"href":"https:\/\/www.ambienteyenergia.gob.ec\/ambiente\/wp-json\/wp\/v2\/media\/14001"}],"wp:attachment":[{"href":"https:\/\/www.ambienteyenergia.gob.ec\/ambiente\/wp-json\/wp\/v2\/media?parent=14000"}],"wp:term":[{"taxonomy":"category","embeddable":true,"href":"https:\/\/www.ambienteyenergia.gob.ec\/ambiente\/wp-json\/wp\/v2\/categories?post=14000"},{"taxonomy":"post_tag","embeddable":true,"href":"https:\/\/www.ambienteyenergia.gob.ec\/ambiente\/wp-json\/wp\/v2\/tags?post=14000"}],"curies":[{"name":"wp","href":"https:\/\/api.w.org\/{rel}","templated":true}]}}