{"id":13988,"date":"2013-08-09T12:48:33","date_gmt":"2013-08-09T17:48:33","guid":{"rendered":"http:\/\/www.ambiente.gob.ec\/?p=13988"},"modified":"2013-08-09T12:49:17","modified_gmt":"2013-08-09T17:49:17","slug":"89-de-la-meta-anual-de-reciclaje-de-celulares-se-cumplio-en-siete-meses","status":"publish","type":"post","link":"https:\/\/www.ambienteyenergia.gob.ec\/ambiente\/89-de-la-meta-anual-de-reciclaje-de-celulares-se-cumplio-en-siete-meses\/","title":{"rendered":"89% de la meta anual de reciclaje de celulares se cumpli\u00f3 en siete meses"},"content":{"rendered":"<p style=\"text-align: justify;\">En lo que va del a\u00f1o, 51 926 celulares en desuso han sido reciclados, seg\u00fan los reportes mensuales de importadores y gestores ambientales. Este resultado se registra a partir de la publicaci\u00f3n de la Pol\u00edtica de Gesti\u00f3n de Equipos El\u00e9ctricos y Electr\u00f3nicos (Acuerdo Ministerial No. 191, enero de 2013) estructurado por el Ministerio del Ambiente (MAE), con base en el Principio de Responsabilidad Extendida.<\/p>\n<p style=\"text-align: justify;\">Seg\u00fan esta Pol\u00edtica y su vinculaci\u00f3n con la Resoluci\u00f3n No. 100 del Comit\u00e9 de Comercio Exterior (Comex), el reciclaje de celulares es responsabilidad del sector importador, a trav\u00e9s de programas de gesti\u00f3n que deben ser presentados ante esta Cartera de Estado. Por ello, y en funci\u00f3n del cupo normal de importaci\u00f3n asignado por el Comex, el MAE estableci\u00f3 como meta nacional de recolecci\u00f3n, el 3% de ese total. Es decir, 58 mil equipos aproximadamente, hasta diciembre de este a\u00f1o. Esta meta es inicial y ser\u00e1 evaluada anualmente.<\/p>\n<p style=\"text-align: justify;\">Los datos de recolecci\u00f3n ser\u00e1n enviados al Comex. Esta entidad calcular\u00e1 el n\u00famero de unidades adicionales al cupo normal que se podr\u00e1 importar, seg\u00fan la tasa de 2,5 a 1, que en n\u00fameros enteros significa que por cada cinco celulares gestionados, se podr\u00e1n traer dos nuevos.<\/p>\n<p style=\"text-align: justify;\">Considerando los resultados alcanzados hasta la fecha y que ante el COMEX est\u00e1n registrados 33 importadores, que incluyen a las operadoras del pa\u00eds, se espera sobrepasar la meta trazada, lo que permitir\u00e1 establecer la evoluci\u00f3n del reciclaje en el pa\u00eds para ajustar la estrategia establecida.<\/p>\n","protected":false},"excerpt":{"rendered":"<p class=\"excerpt\">En lo que va del a\u00f1o, 51 926 celulares en desuso han sido reciclados, seg\u00fan los reportes mensuales de importadores y gestores ambientales. Este resultado se registra a partir de la publicaci\u00f3n de la Pol\u00edtica de Gesti\u00f3n de Equipos El\u00e9ctricos y Electr\u00f3nicos (Acuerdo Ministerial No. 191, enero de 2013) estructurado por el Ministerio del Ambiente (MAE), con base en el&hellip; <a href=\"https:\/\/www.ambienteyenergia.gob.ec\/ambiente\/89-de-la-meta-anual-de-reciclaje-de-celulares-se-cumplio-en-siete-meses\/\">Read more &rarr;<\/a><\/p>\n","protected":false},"author":13,"featured_media":13989,"comment_status":"open","ping_status":"open","sticky":false,"template":"","format":"standard","meta":{"footnotes":""},"categories":[16,4],"tags":[],"class_list":["post-13988","post","type-post","status-publish","format-standard","has-post-thumbnail","hentry","category-comunicamos","category-noticias","xfolkentry"],"_links":{"self":[{"href":"https:\/\/www.ambienteyenergia.gob.ec\/ambiente\/wp-json\/wp\/v2\/posts\/13988","targetHints":{"allow":["GET"]}}],"collection":[{"href":"https:\/\/www.ambienteyenergia.gob.ec\/ambiente\/wp-json\/wp\/v2\/posts"}],"about":[{"href":"https:\/\/www.ambienteyenergia.gob.ec\/ambiente\/wp-json\/wp\/v2\/types\/post"}],"author":[{"embeddable":true,"href":"https:\/\/www.ambienteyenergia.gob.ec\/ambiente\/wp-json\/wp\/v2\/users\/13"}],"replies":[{"embeddable":true,"href":"https:\/\/www.ambienteyenergia.gob.ec\/ambiente\/wp-json\/wp\/v2\/comments?post=13988"}],"version-history":[{"count":0,"href":"https:\/\/www.ambienteyenergia.gob.ec\/ambiente\/wp-json\/wp\/v2\/posts\/13988\/revisions"}],"wp:featuredmedia":[{"embeddable":true,"href":"https:\/\/www.ambienteyenergia.gob.ec\/ambiente\/wp-json\/wp\/v2\/media\/13989"}],"wp:attachment":[{"href":"https:\/\/www.ambienteyenergia.gob.ec\/ambiente\/wp-json\/wp\/v2\/media?parent=13988"}],"wp:term":[{"taxonomy":"category","embeddable":true,"href":"https:\/\/www.ambienteyenergia.gob.ec\/ambiente\/wp-json\/wp\/v2\/categories?post=13988"},{"taxonomy":"post_tag","embeddable":true,"href":"https:\/\/www.ambienteyenergia.gob.ec\/ambiente\/wp-json\/wp\/v2\/tags?post=13988"}],"curies":[{"name":"wp","href":"https:\/\/api.w.org\/{rel}","templated":true}]}}