{"id":13983,"date":"2013-08-09T10:22:52","date_gmt":"2013-08-09T15:22:52","guid":{"rendered":"http:\/\/www.ambiente.gob.ec\/?p=13983"},"modified":"2013-08-09T10:22:52","modified_gmt":"2013-08-09T15:22:52","slug":"dia-interamericano-de-la-calidad-del-aire","status":"publish","type":"post","link":"https:\/\/www.ambienteyenergia.gob.ec\/ambiente\/dia-interamericano-de-la-calidad-del-aire\/","title":{"rendered":"D\u00eda Interamericano de la Calidad del Aire"},"content":{"rendered":"<p style=\"text-align: justify;\">Hoy, se conmemora el D\u00eda Interamericano de la Calidad del Aire, con el objetivo de concienciar a toda la poblaci\u00f3n sobre la importancia de no contaminar el ambiente y evitar el uso de elementos nocivos que afecten la atm\u00f3sfera.<\/p>\n<p style=\"text-align: justify;\">La contaminaci\u00f3n del aire tiene un impacto considerable sobre la salud humana y el ecosistema, por esta raz\u00f3n el Ministerio del Ambiente (MAE) ejecuta acciones para mitigar este fen\u00f3meno, una de ellas es la elaboraci\u00f3n del Plan Nacional de Calidad del Aire.<\/p>\n<p style=\"text-align: justify;\">A partir del 2010 esta Cartera de Estado asume la ejecuci\u00f3n de este proyecto con el prop\u00f3sito de fortalecer, consolidar y sistematizar el control de la contaminaci\u00f3n del aire a nivel nacional, a trav\u00e9s del establecimiento de una red de monitoreo en poblaciones de m\u00e1s de 150 000 habitantes del \u00e1rea urbana.<\/p>\n<p style=\"text-align: justify;\">Estos estudios proveen de informaci\u00f3n y permiten tener un inventario nacional de emisiones y un sistema de monitoreo que registre datos de calidad del aire analizados en forma regular y eficiente.<\/p>\n<p style=\"text-align: justify;\">Hasta el momento, el inventario nacional de emisiones se ha desarrollado en las ciudades de Ambato, Riobamba, Latacunga, Santo Domingo de los Colorados, Manta, Portoviejo, Ibarra y Milagro como herramienta para identificar de forma precisa los sectores de mayor contribuci\u00f3n por tipo de contaminante y consecuentemente las fuentes a las cuales deben aplicarse medidas de control prioritarias.<\/p>\n<p style=\"text-align: justify;\">El plan promueve el mejoramiento de la calidad del aire en las zonas urbanas del pa\u00eds, a trav\u00e9s de la generaci\u00f3n de procesos de prevenci\u00f3n y la implementaci\u00f3n de herramientas de control, con \u00e9nfasis en aquellos que son de origen vehicular e industrial.<\/p>\n<p style=\"text-align: justify;\">Exigir un ambiente limpio y seguro es un derecho de todos los ecuatorianos y los gobiernos nacionales tienen la responsabilidad de establecer las pol\u00edticas para mejorar la calidad del aire. Por esta raz\u00f3n, el MAE trabaja en diferentes tipos de estrategias para abordar los problemas de contaminaci\u00f3n atmosf\u00e9rica y as\u00ed asegurar que las emisiones de gases se reduzcan o mantengan en un nivel aceptable, principalmente para precautelar la salud de la poblaci\u00f3n.<\/p>\n<p>&nbsp;<\/p>\n<p>&nbsp;<\/p>\n<p>&nbsp;<\/p>\n<p>&nbsp;<\/p>\n<p>&nbsp;<\/p>\n","protected":false},"excerpt":{"rendered":"<p class=\"excerpt\">Hoy, se conmemora el D\u00eda Interamericano de la Calidad del Aire, con el objetivo de concienciar a toda la poblaci\u00f3n sobre la importancia de no contaminar el ambiente y evitar el uso de elementos nocivos que afecten la atm\u00f3sfera. La contaminaci\u00f3n del aire tiene un impacto considerable sobre la salud humana y el ecosistema, por esta raz\u00f3n el Ministerio del&hellip; <a href=\"https:\/\/www.ambienteyenergia.gob.ec\/ambiente\/dia-interamericano-de-la-calidad-del-aire\/\">Read more &rarr;<\/a><\/p>\n","protected":false},"author":13,"featured_media":13984,"comment_status":"open","ping_status":"open","sticky":false,"template":"","format":"standard","meta":{"footnotes":""},"categories":[16,4],"tags":[],"class_list":["post-13983","post","type-post","status-publish","format-standard","has-post-thumbnail","hentry","category-comunicamos","category-noticias","xfolkentry"],"_links":{"self":[{"href":"https:\/\/www.ambienteyenergia.gob.ec\/ambiente\/wp-json\/wp\/v2\/posts\/13983","targetHints":{"allow":["GET"]}}],"collection":[{"href":"https:\/\/www.ambienteyenergia.gob.ec\/ambiente\/wp-json\/wp\/v2\/posts"}],"about":[{"href":"https:\/\/www.ambienteyenergia.gob.ec\/ambiente\/wp-json\/wp\/v2\/types\/post"}],"author":[{"embeddable":true,"href":"https:\/\/www.ambienteyenergia.gob.ec\/ambiente\/wp-json\/wp\/v2\/users\/13"}],"replies":[{"embeddable":true,"href":"https:\/\/www.ambienteyenergia.gob.ec\/ambiente\/wp-json\/wp\/v2\/comments?post=13983"}],"version-history":[{"count":0,"href":"https:\/\/www.ambienteyenergia.gob.ec\/ambiente\/wp-json\/wp\/v2\/posts\/13983\/revisions"}],"wp:featuredmedia":[{"embeddable":true,"href":"https:\/\/www.ambienteyenergia.gob.ec\/ambiente\/wp-json\/wp\/v2\/media\/13984"}],"wp:attachment":[{"href":"https:\/\/www.ambienteyenergia.gob.ec\/ambiente\/wp-json\/wp\/v2\/media?parent=13983"}],"wp:term":[{"taxonomy":"category","embeddable":true,"href":"https:\/\/www.ambienteyenergia.gob.ec\/ambiente\/wp-json\/wp\/v2\/categories?post=13983"},{"taxonomy":"post_tag","embeddable":true,"href":"https:\/\/www.ambienteyenergia.gob.ec\/ambiente\/wp-json\/wp\/v2\/tags?post=13983"}],"curies":[{"name":"wp","href":"https:\/\/api.w.org\/{rel}","templated":true}]}}