{"id":13975,"date":"2013-08-09T10:06:34","date_gmt":"2013-08-09T15:06:34","guid":{"rendered":"http:\/\/www.ambiente.gob.ec\/?p=13975"},"modified":"2013-08-09T10:06:34","modified_gmt":"2013-08-09T15:06:34","slug":"el-uso-de-bolsos-reusables-se-incrementa-gracias-a-la-iniciativa-una-funda-por-el-planeta","status":"publish","type":"post","link":"https:\/\/www.ambienteyenergia.gob.ec\/ambiente\/el-uso-de-bolsos-reusables-se-incrementa-gracias-a-la-iniciativa-una-funda-por-el-planeta\/","title":{"rendered":"El uso de bolsos reusables se incrementa gracias a la iniciativa \u2018Una funda por el planeta\u2019"},"content":{"rendered":"<p style=\"text-align: justify;\">La iniciativa <a href=\"http:\/\/www.ambienteyenergia.gob.ec\/ambiente\/una-funda-por-el-planeta-entregara-250-mil-bolsas-reusables\/\">\u201cUna funda por el planeta\u201d<\/a> impulsada por el Ministerio del Ambiente (MAE), en coordinaci\u00f3ncon Corporaci\u00f3n Favorita, cada d\u00eda logra que m\u00e1s gente se sume a la utilizaci\u00f3n de bolsos reusables y concientice sobre la importancia de disminuirel consumo de fundas pl\u00e1sticas.<\/p>\n<p style=\"text-align: justify;\">Con el fin de determinar el avance del proyecto y el cumplimiento de metas planteadas, el pasado 7 de agosto, se visitaron tres locales Supermaxi en la ciudad de Quito, en los que se constat\u00f3 el uso de bolsos reusables.<\/p>\n<p style=\"text-align: justify;\">\u201cPersonal y colaboradores est\u00e1n siempre pendientes de informar a los clientes sobre la ventaja de utilizar bolsos reusables, y ellos, a su vez, est\u00e1n m\u00e1s conscientes de que esta iniciativa beneficiar\u00e1 al ambiente\u201d, coment\u00f3 Pa\u00fal M\u00e1rquez, subadministrador de almac\u00e9n del Supermaxi de Tumbaco.<\/p>\n<p style=\"text-align: justify;\">Con esta campa\u00f1a lo que se busca es sensibilizar y educar a la poblaci\u00f3n, para incorporar buenos h\u00e1bitos de consumo e impulsar una cultura de reciclaje, destinada a la conservaci\u00f3n de la naturaleza. Alrededor de 300 eco-monedas se han recolectado en cada una de las sucursales de Supermaxi, desde que inici\u00f3 la campa\u00f1a, el pasado 19 de julio<\/p>\n<p style=\"text-align: justify;\">El Ecuador utiliza alrededor de 257 millones de fundas pl\u00e1sticas por a\u00f1o, lo que repercute negativamente al ambiente. El pl\u00e1stico afecta a los animales y ecosistemas por lo cual es tarea del MAE evitarlo, a trav\u00e9s de propuestas m\u00e1s amigables con el planeta como \u00e9sta.<\/p>\n<p style=\"text-align: justify;\">\u201cLe recomiendo a la ciudadan\u00eda que utilice bolsos de tela, pues con esto, se ahorra dinero y se conserva los recursos naturales para las presentes y futuras generaciones\u201d, mencion\u00f3 Marcia de Araujo, cliente en el local de Tumbaco.<\/p>\n<p style=\"text-align: justify;\">La finalidad es eliminar de manera progresiva y definitiva el uso de fundas pl\u00e1sticas y minimizar el impacto ambiental que ocasionan. Los bolsos reusables est\u00e1n hechos a base de material reciclable y son duraderos, lo que los convierte en una excelente opci\u00f3n de uso sustentable.<\/p>\n<p style=\"text-align: justify;\">Gustavo Su\u00e1rez, asiduo comprador, asegur\u00f3 que esta idea es muy buena. \u201cAl utilizar los bolsos reusables ayudamos a la naturaleza y nos beneficiamos nosotros tambi\u00e9n, porque estos son m\u00e1s resistentes y nos pueden servir en varias ocasiones\u201d. La soluci\u00f3n est\u00e1 en adquirir nuevos h\u00e1bitos de reciclaje y potencializar el compromiso no solo del consumidor sino tambi\u00e9n del sector comercial.<\/p>\n<p style=\"text-align: justify;\">\u201cNosotros explicamos a los clientes que por cada bolsa reusable que traigan, recibir\u00e1n una \u201ceco-moneda\u201d que representa el valor de no utilizar una funda pl\u00e1stica (0,03 centavos) y que Corporaci\u00f3n Favorita donar\u00e1 para la conservaci\u00f3n dela Reserva Ecol\u00f3gica Cayambe Coca y The Nature Conservancy (fuentes de conservaci\u00f3n del agua)\u201d, manifest\u00f3 Jefferson Revelo, cajero de Supermaxi El Jard\u00edn.<\/p>\n<p style=\"text-align: justify;\">Asimismo, asegur\u00f3 que alrededor de un 20% de los clientes ha incrementado el uso de bolsos reusables. \u201cSabemos que falta mucho, pero estamos incentivando para que m\u00e1s personas se sumen. El apoyo del MAE es fundamental para este proyecto, sino hubiera sido muy dif\u00edcil involucrarnos en esta iniciativa\u201d, afirm\u00f3 Revelo.<\/p>\n<div id='gallery-1' class='gallery galleryid-13975 gallery-columns-4 gallery-size-thumbnail'><dl class='gallery-item'>\n\t\t\t<dt class='gallery-icon landscape'>\n\t\t\t\t<a href='https:\/\/www.ambienteyenergia.gob.ec\/ambiente\/el-uso-de-bolsos-reusables-se-incrementa-gracias-a-la-iniciativa-una-funda-por-el-planeta\/funda-3\/'><img loading=\"lazy\" decoding=\"async\" width=\"150\" height=\"150\" src=\"https:\/\/www.ambienteyenergia.gob.ec\/ambiente\/wp-content\/uploads\/sites\/2\/2013\/08\/funda-3-150x150.jpg\" class=\"attachment-thumbnail size-thumbnail\" alt=\"\" \/><\/a>\n\t\t\t<\/dt><\/dl><dl class='gallery-item'>\n\t\t\t<dt class='gallery-icon landscape'>\n\t\t\t\t<a href='https:\/\/www.ambienteyenergia.gob.ec\/ambiente\/el-uso-de-bolsos-reusables-se-incrementa-gracias-a-la-iniciativa-una-funda-por-el-planeta\/funda-1\/'><img loading=\"lazy\" decoding=\"async\" width=\"150\" height=\"150\" src=\"https:\/\/www.ambienteyenergia.gob.ec\/ambiente\/wp-content\/uploads\/sites\/2\/2013\/08\/funda-1-150x150.jpg\" class=\"attachment-thumbnail size-thumbnail\" alt=\"\" \/><\/a>\n\t\t\t<\/dt><\/dl><dl class='gallery-item'>\n\t\t\t<dt class='gallery-icon landscape'>\n\t\t\t\t<a href='https:\/\/www.ambienteyenergia.gob.ec\/ambiente\/el-uso-de-bolsos-reusables-se-incrementa-gracias-a-la-iniciativa-una-funda-por-el-planeta\/funda-2\/'><img loading=\"lazy\" decoding=\"async\" width=\"150\" height=\"150\" src=\"https:\/\/www.ambienteyenergia.gob.ec\/ambiente\/wp-content\/uploads\/sites\/2\/2013\/08\/funda-2-150x150.jpg\" class=\"attachment-thumbnail size-thumbnail\" alt=\"\" \/><\/a>\n\t\t\t<\/dt><\/dl><dl class='gallery-item'>\n\t\t\t<dt class='gallery-icon landscape'>\n\t\t\t\t<a href='https:\/\/www.ambienteyenergia.gob.ec\/ambiente\/el-uso-de-bolsos-reusables-se-incrementa-gracias-a-la-iniciativa-una-funda-por-el-planeta\/funda-5\/'><img loading=\"lazy\" decoding=\"async\" width=\"150\" height=\"150\" src=\"https:\/\/www.ambienteyenergia.gob.ec\/ambiente\/wp-content\/uploads\/sites\/2\/2013\/08\/funda-5-150x150.jpg\" class=\"attachment-thumbnail size-thumbnail\" alt=\"\" \/><\/a>\n\t\t\t<\/dt><\/dl><br style=\"clear: both\" \/><dl class='gallery-item'>\n\t\t\t<dt class='gallery-icon landscape'>\n\t\t\t\t<a href='https:\/\/www.ambienteyenergia.gob.ec\/ambiente\/el-uso-de-bolsos-reusables-se-incrementa-gracias-a-la-iniciativa-una-funda-por-el-planeta\/funda-6\/'><img loading=\"lazy\" decoding=\"async\" width=\"150\" height=\"150\" src=\"https:\/\/www.ambienteyenergia.gob.ec\/ambiente\/wp-content\/uploads\/sites\/2\/2013\/08\/funda-6-150x150.jpg\" class=\"attachment-thumbnail size-thumbnail\" alt=\"\" \/><\/a>\n\t\t\t<\/dt><\/dl>\n\t\t\t<br style='clear: both' \/>\n\t\t<\/div>\n\n<p style=\"text-align: justify;\">\n<p>.<\/p>\n","protected":false},"excerpt":{"rendered":"<p class=\"excerpt\">La iniciativa \u201cUna funda por el planeta\u201d impulsada por el Ministerio del Ambiente (MAE), en coordinaci\u00f3ncon Corporaci\u00f3n Favorita, cada d\u00eda logra que m\u00e1s gente se sume a la utilizaci\u00f3n de bolsos reusables y concientice sobre la importancia de disminuirel consumo de fundas pl\u00e1sticas. Con el fin de determinar el avance del proyecto y el cumplimiento de metas planteadas, el pasado&hellip; <a href=\"https:\/\/www.ambienteyenergia.gob.ec\/ambiente\/el-uso-de-bolsos-reusables-se-incrementa-gracias-a-la-iniciativa-una-funda-por-el-planeta\/\">Read more &rarr;<\/a><\/p>\n","protected":false},"author":13,"featured_media":13976,"comment_status":"open","ping_status":"open","sticky":false,"template":"","format":"standard","meta":{"footnotes":""},"categories":[16,4],"tags":[],"class_list":["post-13975","post","type-post","status-publish","format-standard","has-post-thumbnail","hentry","category-comunicamos","category-noticias","xfolkentry"],"_links":{"self":[{"href":"https:\/\/www.ambienteyenergia.gob.ec\/ambiente\/wp-json\/wp\/v2\/posts\/13975","targetHints":{"allow":["GET"]}}],"collection":[{"href":"https:\/\/www.ambienteyenergia.gob.ec\/ambiente\/wp-json\/wp\/v2\/posts"}],"about":[{"href":"https:\/\/www.ambienteyenergia.gob.ec\/ambiente\/wp-json\/wp\/v2\/types\/post"}],"author":[{"embeddable":true,"href":"https:\/\/www.ambienteyenergia.gob.ec\/ambiente\/wp-json\/wp\/v2\/users\/13"}],"replies":[{"embeddable":true,"href":"https:\/\/www.ambienteyenergia.gob.ec\/ambiente\/wp-json\/wp\/v2\/comments?post=13975"}],"version-history":[{"count":0,"href":"https:\/\/www.ambienteyenergia.gob.ec\/ambiente\/wp-json\/wp\/v2\/posts\/13975\/revisions"}],"wp:featuredmedia":[{"embeddable":true,"href":"https:\/\/www.ambienteyenergia.gob.ec\/ambiente\/wp-json\/wp\/v2\/media\/13976"}],"wp:attachment":[{"href":"https:\/\/www.ambienteyenergia.gob.ec\/ambiente\/wp-json\/wp\/v2\/media?parent=13975"}],"wp:term":[{"taxonomy":"category","embeddable":true,"href":"https:\/\/www.ambienteyenergia.gob.ec\/ambiente\/wp-json\/wp\/v2\/categories?post=13975"},{"taxonomy":"post_tag","embeddable":true,"href":"https:\/\/www.ambienteyenergia.gob.ec\/ambiente\/wp-json\/wp\/v2\/tags?post=13975"}],"curies":[{"name":"wp","href":"https:\/\/api.w.org\/{rel}","templated":true}]}}