{"id":13966,"date":"2013-08-08T20:22:16","date_gmt":"2013-08-09T01:22:16","guid":{"rendered":"http:\/\/www.ambiente.gob.ec\/?p=13966"},"modified":"2013-08-09T09:24:27","modified_gmt":"2013-08-09T14:24:27","slug":"borrador-de-informativo-para-turistas-guias-naturalistas-agencias-y-operadoras-de-turismo","status":"publish","type":"post","link":"https:\/\/www.ambienteyenergia.gob.ec\/ambiente\/borrador-de-informativo-para-turistas-guias-naturalistas-agencias-y-operadoras-de-turismo\/","title":{"rendered":"Informativo para turistas, gu\u00edas naturalistas, agencias y operadoras de turismo"},"content":{"rendered":"<p style=\"text-align: justify;\">A los 15 d\u00edas de trabajos de readecuaci\u00f3n de los refugios del nevado Chimborazo, los mismos que se est\u00e1n ejecutando normalmente y luego de la evaluaci\u00f3n realizada por las Instituciones involucradas en el proceso, INFORMAMOS a los turistas nacionales y extranjeros, gu\u00edas naturalistas y operadoras tur\u00edsticas, que los trabajos se contin\u00faan con la movilizaci\u00f3n de materiales desde el centro de visitantes hasta el primer y segundo refugio; construcci\u00f3n desenderos.<\/p>\n<p style=\"text-align: justify;\">Con la finalidad de precautelar la integridad de los visitantes y su seguridad, informamos a ustedes que la ruta tradicional para llegar al segundo refugio estar\u00e1 temporalmente suspendida por trabajos de construcci\u00f3n de los senderos.<\/p>\n<p style=\"text-align: justify;\">Para dar un mejor servicio a los andinistas que practican alta monta\u00f1a se habilitado una ruta alterna por la que pueden llegar hasta la cumbre del Chimborazo.<\/p>\n<p style=\"text-align: justify;\">Esta ruta inicia en la zona de parqueadero a 200 metros del primer refugio, continuando la arista se ha destinado una zona de campamento provisional denominada \u201cRinc\u00f3n de Plaza Roja\u00a8, y a los 4 900 msnm se ha establecido la segunda zona de campamento provisional denominado \u201cEl Castillo\u201d, siguiendo la ruta normal hasta hacer cumbre.<\/p>\n<p style=\"text-align: justify;\">Las agencias de viaje\/operadoras tur\u00edsticas que vayan a realizar escalda de alta monta\u00f1a y hacer uso de los campamentos provisionales deber\u00e1n informar a la administraci\u00f3n del \u00e1rea Protegida tres d\u00edas antes del ingreso, as\u00ed como cumplir con la normativa ambiental establecida.<\/p>\n<p style=\"text-align: justify;\">Los servicios en los dos refugios est\u00e1n suspendidos temporalmente, por lo que el Ministerio del Ambiente ha habilitado en el \u201cCentro de Servicios Tur\u00edsticos El Arenal\u201d, un \u00e1rea de dormitorio, cocina, comedor y ba\u00f1os para que los turistas pernocten antes de ascender al Nevado.<\/p>\n<p>&nbsp;<\/p>\n","protected":false},"excerpt":{"rendered":"<p class=\"excerpt\">A los 15 d\u00edas de trabajos de readecuaci\u00f3n de los refugios del nevado Chimborazo, los mismos que se est\u00e1n ejecutando normalmente y luego de la evaluaci\u00f3n realizada por las Instituciones involucradas en el proceso, INFORMAMOS a los turistas nacionales y extranjeros, gu\u00edas naturalistas y operadoras tur\u00edsticas, que los trabajos se contin\u00faan con la movilizaci\u00f3n de materiales desde el centro de&hellip; <a href=\"https:\/\/www.ambienteyenergia.gob.ec\/ambiente\/borrador-de-informativo-para-turistas-guias-naturalistas-agencias-y-operadoras-de-turismo\/\">Read more &rarr;<\/a><\/p>\n","protected":false},"author":13,"featured_media":13973,"comment_status":"open","ping_status":"open","sticky":false,"template":"","format":"standard","meta":{"footnotes":""},"categories":[16,4],"tags":[],"class_list":["post-13966","post","type-post","status-publish","format-standard","has-post-thumbnail","hentry","category-comunicamos","category-noticias","xfolkentry"],"_links":{"self":[{"href":"https:\/\/www.ambienteyenergia.gob.ec\/ambiente\/wp-json\/wp\/v2\/posts\/13966","targetHints":{"allow":["GET"]}}],"collection":[{"href":"https:\/\/www.ambienteyenergia.gob.ec\/ambiente\/wp-json\/wp\/v2\/posts"}],"about":[{"href":"https:\/\/www.ambienteyenergia.gob.ec\/ambiente\/wp-json\/wp\/v2\/types\/post"}],"author":[{"embeddable":true,"href":"https:\/\/www.ambienteyenergia.gob.ec\/ambiente\/wp-json\/wp\/v2\/users\/13"}],"replies":[{"embeddable":true,"href":"https:\/\/www.ambienteyenergia.gob.ec\/ambiente\/wp-json\/wp\/v2\/comments?post=13966"}],"version-history":[{"count":0,"href":"https:\/\/www.ambienteyenergia.gob.ec\/ambiente\/wp-json\/wp\/v2\/posts\/13966\/revisions"}],"wp:featuredmedia":[{"embeddable":true,"href":"https:\/\/www.ambienteyenergia.gob.ec\/ambiente\/wp-json\/wp\/v2\/media\/13973"}],"wp:attachment":[{"href":"https:\/\/www.ambienteyenergia.gob.ec\/ambiente\/wp-json\/wp\/v2\/media?parent=13966"}],"wp:term":[{"taxonomy":"category","embeddable":true,"href":"https:\/\/www.ambienteyenergia.gob.ec\/ambiente\/wp-json\/wp\/v2\/categories?post=13966"},{"taxonomy":"post_tag","embeddable":true,"href":"https:\/\/www.ambienteyenergia.gob.ec\/ambiente\/wp-json\/wp\/v2\/tags?post=13966"}],"curies":[{"name":"wp","href":"https:\/\/api.w.org\/{rel}","templated":true}]}}