{"id":13963,"date":"2013-08-08T20:19:28","date_gmt":"2013-08-09T01:19:28","guid":{"rendered":"http:\/\/www.ambiente.gob.ec\/?p=13963"},"modified":"2013-08-09T10:54:43","modified_gmt":"2013-08-09T15:54:43","slug":"mae-y-sri-firmaron-nota-reversal-para-fomentar-la-actividad-maderera-legal-que-genere-tributos-y-mejore-las-condiciones-de-vida-de-los-actores-directos","status":"publish","type":"post","link":"https:\/\/www.ambienteyenergia.gob.ec\/ambiente\/mae-y-sri-firmaron-nota-reversal-para-fomentar-la-actividad-maderera-legal-que-genere-tributos-y-mejore-las-condiciones-de-vida-de-los-actores-directos\/","title":{"rendered":"MAE y SRI firmaron Nota Reversal para fomentar la actividad maderera legal que genere tributos y mejore las condiciones de vida de los actores directos"},"content":{"rendered":"<p style=\"text-align: justify;\">Hoy, la Ministra del Ambiente, Lorena Tapia y el director del Servicio de Rentas Internas (SRI), Carlos Marx Carrasco, firmaron una Nota Reversal para luchar contra la evasi\u00f3n y elusi\u00f3n tributaria relacionadas a programas de aprovechamiento de madera, a trav\u00e9s de la aplicaci\u00f3n de herramientas tributarias en el sector forestal.<\/p>\n<p style=\"text-align: justify;\">Las dos instituciones asumieron compromisos con la finalidad de fortalecer sus respectivas gestiones en la materia mencionada, y crear nexos de coordinaci\u00f3n y cooperaci\u00f3n para fomentar la circulaci\u00f3n legal de la madera, en el marco del desarrollo sustentable de los recursos forestales del Ecuador, y para formalizar la actividad maderera que genere tributos y mejore las condiciones laborales de sus actores directos.<\/p>\n<p style=\"text-align: justify;\">Para ello, el Ministerio del Ambiente (MAE) se comprometi\u00f3 a entregar la informaci\u00f3n recopilada sobre la informalidad e incumplimientos tributarios en el sector ambiental, el Registro Forestal de propietarios de predios sujetos a impuestos a las tierras rurales, cr\u00e9dito tributario generado por programas de forestaci\u00f3n y reforestaci\u00f3n; desarrollar herramientas tecnol\u00f3gicas que permitan ejecutar de manera autom\u00e1tica los diferentes intercambios de informaci\u00f3n a trav\u00e9s de una r\u00e9plica de datos, y a emitir resoluciones o regulaciones.<\/p>\n<p style=\"text-align: justify;\">Por su parte, el SRI deber\u00e1 informar sobre las acciones tomadas con el fin de establecer sanciones, con base en los datos enviados por esta Carta de Estado, capacitar al personal del MAE, dise\u00f1ar y ejecutar programas de asistencia y control tributario focalizados a los actores forestales, intercambiar informaci\u00f3n del Registro \u00danico de contribuyentes del sector forestal, incorporar rubros ambientales como rubros ordinarios en el proceso de control tributario, y a orientar en las pr\u00e1cticas y experiencias en procesos de control.<\/p>\n<p style=\"text-align: justify;\">A trav\u00e9s de esta Nota Reversal, las dos entidades se comprometieron a trabajar en pro de la generaci\u00f3n de una adecuada gesti\u00f3n del riesgo, orientada a disuadir el incumplimiento de las normas tributarias y ambientales.<\/p>\n<p>&nbsp;<\/p>\n<p>&nbsp;<\/p>\n<p>&nbsp;<\/p>\n<p>&nbsp;<\/p>\n","protected":false},"excerpt":{"rendered":"<p class=\"excerpt\">Hoy, la Ministra del Ambiente, Lorena Tapia y el director del Servicio de Rentas Internas (SRI), Carlos Marx Carrasco, firmaron una Nota Reversal para luchar contra la evasi\u00f3n y elusi\u00f3n tributaria relacionadas a programas de aprovechamiento de madera, a trav\u00e9s de la aplicaci\u00f3n de herramientas tributarias en el sector forestal. Las dos instituciones asumieron compromisos con la finalidad de fortalecer&hellip; <a href=\"https:\/\/www.ambienteyenergia.gob.ec\/ambiente\/mae-y-sri-firmaron-nota-reversal-para-fomentar-la-actividad-maderera-legal-que-genere-tributos-y-mejore-las-condiciones-de-vida-de-los-actores-directos\/\">Read more &rarr;<\/a><\/p>\n","protected":false},"author":13,"featured_media":13964,"comment_status":"open","ping_status":"open","sticky":false,"template":"","format":"standard","meta":{"footnotes":""},"categories":[16,4,10],"tags":[],"class_list":["post-13963","post","type-post","status-publish","format-standard","has-post-thumbnail","hentry","category-comunicamos","category-noticias","category-noticias-destacadas","xfolkentry"],"_links":{"self":[{"href":"https:\/\/www.ambienteyenergia.gob.ec\/ambiente\/wp-json\/wp\/v2\/posts\/13963","targetHints":{"allow":["GET"]}}],"collection":[{"href":"https:\/\/www.ambienteyenergia.gob.ec\/ambiente\/wp-json\/wp\/v2\/posts"}],"about":[{"href":"https:\/\/www.ambienteyenergia.gob.ec\/ambiente\/wp-json\/wp\/v2\/types\/post"}],"author":[{"embeddable":true,"href":"https:\/\/www.ambienteyenergia.gob.ec\/ambiente\/wp-json\/wp\/v2\/users\/13"}],"replies":[{"embeddable":true,"href":"https:\/\/www.ambienteyenergia.gob.ec\/ambiente\/wp-json\/wp\/v2\/comments?post=13963"}],"version-history":[{"count":0,"href":"https:\/\/www.ambienteyenergia.gob.ec\/ambiente\/wp-json\/wp\/v2\/posts\/13963\/revisions"}],"wp:featuredmedia":[{"embeddable":true,"href":"https:\/\/www.ambienteyenergia.gob.ec\/ambiente\/wp-json\/wp\/v2\/media\/13964"}],"wp:attachment":[{"href":"https:\/\/www.ambienteyenergia.gob.ec\/ambiente\/wp-json\/wp\/v2\/media?parent=13963"}],"wp:term":[{"taxonomy":"category","embeddable":true,"href":"https:\/\/www.ambienteyenergia.gob.ec\/ambiente\/wp-json\/wp\/v2\/categories?post=13963"},{"taxonomy":"post_tag","embeddable":true,"href":"https:\/\/www.ambienteyenergia.gob.ec\/ambiente\/wp-json\/wp\/v2\/tags?post=13963"}],"curies":[{"name":"wp","href":"https:\/\/api.w.org\/{rel}","templated":true}]}}