{"id":13952,"date":"2013-08-08T18:50:43","date_gmt":"2013-08-08T23:50:43","guid":{"rendered":"http:\/\/www.ambiente.gob.ec\/?p=13952"},"modified":"2013-08-08T19:09:03","modified_gmt":"2013-08-09T00:09:03","slug":"mae-decomiso-15-especimenes-de-fauna-silvestre-en-azuay","status":"publish","type":"post","link":"https:\/\/www.ambienteyenergia.gob.ec\/ambiente\/mae-decomiso-15-especimenes-de-fauna-silvestre-en-azuay\/","title":{"rendered":"MAE decomis\u00f3 15 espec\u00edmenes de fauna silvestre en Azuay"},"content":{"rendered":"<p style=\"text-align: justify;\">El Ministerio del Ambiente (MAE), el pasado 7 de agosto, decomis\u00f3 15 espec\u00edmenes de vida silvestre, en la Feria Libre y en dos viviendas de la ciudad de Cuenca, provincia del Azuay. Entre los animales se encontraban 13 pericos de dos especies (Brotogeris sp. y Agapornis sp.), que estaban destinados a la venta, una lora amazona (Amazona amazonica) y un puerco esp\u00edn (Echinoprocta rufescens).<\/p>\n<p style=\"text-align: justify;\">El operativo de control se realiz\u00f3 tras varias denuncias receptadas por la Unidad de Vida Silvestre del MAE en Azuay. Por lo que funcionarios de esta Cartera de Estado, inmediatamente se movilizaron a los distintos puntos de la ciudad de Cuenca para verificar la presencia de los ejemplares.<\/p>\n<p style=\"text-align: justify;\">Se pudo identificar que las 13 aves estaban en buen estado de salud y que eran pichones, pues a\u00fan, estaban mudando su plumaje.<\/p>\n<p style=\"text-align: justify;\">Por otro lado, la lora amazona permanec\u00eda en una casa del cant\u00f3n Gualaceo, dentro de una jaula, que hab\u00eda sido su hogar durante 10 a\u00f1os. Los propietarios del ave eran personas de la tercera edad que aseguraron no tener conocimiento de la prohibici\u00f3n. Luego de una breve explicaci\u00f3n entregaron al animal y facilitaron su decomiso.<\/p>\n<p style=\"text-align: justify;\">Finalmente, el puerco esp\u00edn fue rescatado en el sector Racar, en coordinaci\u00f3n con personal del zool\u00f3gico Amaru, quienes recibieron la denuncia y comunicaron r\u00e1pidamente al MAE para emprender acciones conjuntas. El mam\u00edfero estaba lastimado, pues presuntamente hab\u00eda sido golpeado por personas no identificadas, mientras realizaban labores de agricultura. Despu\u00e9s de una breve revisi\u00f3n, se determin\u00f3 que el ejemplar no sufri\u00f3 traumas graves.<\/p>\n<p style=\"text-align: justify;\">Todos los individuos fueron trasladados al zool\u00f3gico Amaru y al Centro de Rescate Pumapungo, ubicados en la misma provincia. All\u00ed, ser\u00e1n examinados minuciosamente por m\u00e9dicos veterinarios, quienes definir\u00e1n que tratamiento pertinente para cada animal y si es posible o no reinsertarlos en su h\u00e1bitat natural.<\/p>\n<p style=\"text-align: justify;\">El MAE recuerda a la ciudadan\u00eda que el tr\u00e1fico de especies silvestres est\u00e1 prohibido por ley y es considerado un delito. As\u00ed que solicita a la poblaci\u00f3n que no compre ni comercialice fauna silvestre y que denuncie la tenencia ilegal de las mismas.<\/p>\n<div id='gallery-1' class='gallery galleryid-13952 gallery-columns-4 gallery-size-thumbnail'><dl class='gallery-item'>\n\t\t\t<dt class='gallery-icon landscape'>\n\t\t\t\t<a href='https:\/\/www.ambienteyenergia.gob.ec\/ambiente\/mae-decomiso-15-especimenes-de-fauna-silvestre-en-azuay\/d1\/'><img loading=\"lazy\" decoding=\"async\" width=\"150\" height=\"150\" src=\"https:\/\/www.ambienteyenergia.gob.ec\/ambiente\/wp-content\/uploads\/sites\/2\/2013\/08\/d1-150x150.jpg\" class=\"attachment-thumbnail size-thumbnail\" alt=\"\" \/><\/a>\n\t\t\t<\/dt><\/dl><dl class='gallery-item'>\n\t\t\t<dt class='gallery-icon portrait'>\n\t\t\t\t<a href='https:\/\/www.ambienteyenergia.gob.ec\/ambiente\/mae-decomiso-15-especimenes-de-fauna-silvestre-en-azuay\/d2\/'><img loading=\"lazy\" decoding=\"async\" width=\"150\" height=\"150\" src=\"https:\/\/www.ambienteyenergia.gob.ec\/ambiente\/wp-content\/uploads\/sites\/2\/2013\/08\/d2-150x150.jpg\" class=\"attachment-thumbnail size-thumbnail\" alt=\"\" \/><\/a>\n\t\t\t<\/dt><\/dl><dl class='gallery-item'>\n\t\t\t<dt class='gallery-icon portrait'>\n\t\t\t\t<a href='https:\/\/www.ambienteyenergia.gob.ec\/ambiente\/mae-decomiso-15-especimenes-de-fauna-silvestre-en-azuay\/d3\/'><img loading=\"lazy\" decoding=\"async\" width=\"150\" height=\"150\" src=\"https:\/\/www.ambienteyenergia.gob.ec\/ambiente\/wp-content\/uploads\/sites\/2\/2013\/08\/d3-150x150.jpg\" class=\"attachment-thumbnail size-thumbnail\" alt=\"\" \/><\/a>\n\t\t\t<\/dt><\/dl>\n\t\t\t<br style='clear: both' \/>\n\t\t<\/div>\n\n<p>&nbsp;<\/p>\n<p style=\"text-align: justify;\">\n","protected":false},"excerpt":{"rendered":"<p class=\"excerpt\">El Ministerio del Ambiente (MAE), el pasado 7 de agosto, decomis\u00f3 15 espec\u00edmenes de vida silvestre, en la Feria Libre y en dos viviendas de la ciudad de Cuenca, provincia del Azuay. Entre los animales se encontraban 13 pericos de dos especies (Brotogeris sp. y Agapornis sp.), que estaban destinados a la venta, una lora amazona (Amazona amazonica) y un&hellip; <a href=\"https:\/\/www.ambienteyenergia.gob.ec\/ambiente\/mae-decomiso-15-especimenes-de-fauna-silvestre-en-azuay\/\">Read more &rarr;<\/a><\/p>\n","protected":false},"author":13,"featured_media":13953,"comment_status":"open","ping_status":"open","sticky":false,"template":"","format":"standard","meta":{"footnotes":""},"categories":[16,4],"tags":[],"class_list":["post-13952","post","type-post","status-publish","format-standard","has-post-thumbnail","hentry","category-comunicamos","category-noticias","xfolkentry"],"_links":{"self":[{"href":"https:\/\/www.ambienteyenergia.gob.ec\/ambiente\/wp-json\/wp\/v2\/posts\/13952","targetHints":{"allow":["GET"]}}],"collection":[{"href":"https:\/\/www.ambienteyenergia.gob.ec\/ambiente\/wp-json\/wp\/v2\/posts"}],"about":[{"href":"https:\/\/www.ambienteyenergia.gob.ec\/ambiente\/wp-json\/wp\/v2\/types\/post"}],"author":[{"embeddable":true,"href":"https:\/\/www.ambienteyenergia.gob.ec\/ambiente\/wp-json\/wp\/v2\/users\/13"}],"replies":[{"embeddable":true,"href":"https:\/\/www.ambienteyenergia.gob.ec\/ambiente\/wp-json\/wp\/v2\/comments?post=13952"}],"version-history":[{"count":0,"href":"https:\/\/www.ambienteyenergia.gob.ec\/ambiente\/wp-json\/wp\/v2\/posts\/13952\/revisions"}],"wp:featuredmedia":[{"embeddable":true,"href":"https:\/\/www.ambienteyenergia.gob.ec\/ambiente\/wp-json\/wp\/v2\/media\/13953"}],"wp:attachment":[{"href":"https:\/\/www.ambienteyenergia.gob.ec\/ambiente\/wp-json\/wp\/v2\/media?parent=13952"}],"wp:term":[{"taxonomy":"category","embeddable":true,"href":"https:\/\/www.ambienteyenergia.gob.ec\/ambiente\/wp-json\/wp\/v2\/categories?post=13952"},{"taxonomy":"post_tag","embeddable":true,"href":"https:\/\/www.ambienteyenergia.gob.ec\/ambiente\/wp-json\/wp\/v2\/tags?post=13952"}],"curies":[{"name":"wp","href":"https:\/\/api.w.org\/{rel}","templated":true}]}}