{"id":13943,"date":"2013-08-08T16:58:21","date_gmt":"2013-08-08T21:58:21","guid":{"rendered":"http:\/\/www.ambiente.gob.ec\/?p=13943"},"modified":"2013-08-08T18:46:22","modified_gmt":"2013-08-08T23:46:22","slug":"mae-imparte-charla-de-incendios-forestales-en-bolivar","status":"publish","type":"post","link":"https:\/\/www.ambienteyenergia.gob.ec\/ambiente\/mae-imparte-charla-de-incendios-forestales-en-bolivar\/","title":{"rendered":"MAE imparti\u00f3 charla de incendios forestales en Bol\u00edvar"},"content":{"rendered":"<p style=\"text-align: justify;\">El Ministerio del Ambiente (MAE), el pasado 5 de agosto, a trav\u00e9s de su Direcci\u00f3n Provincial de Bol\u00edvar realiz\u00f3 una socializaci\u00f3n sobre prevenci\u00f3n de incendios forestales en la parroquia de Simiatug del cant\u00f3n Guaranda, provincia de Bol\u00edvar. El objetivo fue prevenir, mitigar y controlar los incendios forestales en las zonas fr\u00e1giles como p\u00e1ramos, bosques y vegetaci\u00f3n nativa. Alrededor de 70 personas participaron del evento que se desarroll\u00f3 en la sede central de la comunidad de Cotahua.<\/p>\n<p style=\"text-align: justify;\">El MAE y el Cuerpo de Bomberos del cant\u00f3n Guaranda organizaron la capacitaci\u00f3n con la intenci\u00f3n de informar a la poblaci\u00f3n sobre las causas y consecuencias de los incendios. Asimismo, explicaron la cantidad de vida que se ve afectada al destruir los bosques y sus ecosistemas.<\/p>\n<p style=\"text-align: justify;\">Los incendios forestales ocasionan grandes da\u00f1os en los \u00e1mbitos social, econ\u00f3mico y ecol\u00f3gico en el pa\u00eds. Por tal raz\u00f3n existe la necesidad de promover acciones preventivas, a trav\u00e9s de la difusi\u00f3n y concientizaci\u00f3n en los sitios de mayor incidencia y vulnerabilidad.<\/p>\n<div id='gallery-1' class='gallery galleryid-13943 gallery-columns-4 gallery-size-thumbnail'><dl class='gallery-item'>\n\t\t\t<dt class='gallery-icon landscape'>\n\t\t\t\t<a href='https:\/\/www.ambienteyenergia.gob.ec\/ambiente\/mae-imparte-charla-de-incendios-forestales-en-bolivar\/s1-2\/'><img loading=\"lazy\" decoding=\"async\" width=\"150\" height=\"150\" src=\"https:\/\/www.ambienteyenergia.gob.ec\/ambiente\/wp-content\/uploads\/sites\/2\/2013\/08\/s1-150x150.jpg\" class=\"attachment-thumbnail size-thumbnail\" alt=\"\" \/><\/a>\n\t\t\t<\/dt><\/dl><dl class='gallery-item'>\n\t\t\t<dt class='gallery-icon landscape'>\n\t\t\t\t<a href='https:\/\/www.ambienteyenergia.gob.ec\/ambiente\/mae-imparte-charla-de-incendios-forestales-en-bolivar\/s2-2\/'><img loading=\"lazy\" decoding=\"async\" width=\"150\" height=\"150\" src=\"https:\/\/www.ambienteyenergia.gob.ec\/ambiente\/wp-content\/uploads\/sites\/2\/2013\/08\/s2-150x150.jpg\" class=\"attachment-thumbnail size-thumbnail\" alt=\"\" \/><\/a>\n\t\t\t<\/dt><\/dl><dl class='gallery-item'>\n\t\t\t<dt class='gallery-icon landscape'>\n\t\t\t\t<a href='https:\/\/www.ambienteyenergia.gob.ec\/ambiente\/mae-imparte-charla-de-incendios-forestales-en-bolivar\/s3-2\/'><img loading=\"lazy\" decoding=\"async\" width=\"150\" height=\"150\" src=\"https:\/\/www.ambienteyenergia.gob.ec\/ambiente\/wp-content\/uploads\/sites\/2\/2013\/08\/s3-150x150.jpg\" class=\"attachment-thumbnail size-thumbnail\" alt=\"\" \/><\/a>\n\t\t\t<\/dt><\/dl>\n\t\t\t<br style='clear: both' \/>\n\t\t<\/div>\n\n<p style=\"text-align: justify;\">\n","protected":false},"excerpt":{"rendered":"<p class=\"excerpt\">El Ministerio del Ambiente (MAE), el pasado 5 de agosto, a trav\u00e9s de su Direcci\u00f3n Provincial de Bol\u00edvar realiz\u00f3 una socializaci\u00f3n sobre prevenci\u00f3n de incendios forestales en la parroquia de Simiatug del cant\u00f3n Guaranda, provincia de Bol\u00edvar. El objetivo fue prevenir, mitigar y controlar los incendios forestales en las zonas fr\u00e1giles como p\u00e1ramos, bosques y vegetaci\u00f3n nativa. Alrededor de 70&hellip; <a href=\"https:\/\/www.ambienteyenergia.gob.ec\/ambiente\/mae-imparte-charla-de-incendios-forestales-en-bolivar\/\">Read more &rarr;<\/a><\/p>\n","protected":false},"author":13,"featured_media":13944,"comment_status":"open","ping_status":"open","sticky":false,"template":"","format":"standard","meta":{"footnotes":""},"categories":[16,4],"tags":[],"class_list":["post-13943","post","type-post","status-publish","format-standard","has-post-thumbnail","hentry","category-comunicamos","category-noticias","xfolkentry"],"_links":{"self":[{"href":"https:\/\/www.ambienteyenergia.gob.ec\/ambiente\/wp-json\/wp\/v2\/posts\/13943","targetHints":{"allow":["GET"]}}],"collection":[{"href":"https:\/\/www.ambienteyenergia.gob.ec\/ambiente\/wp-json\/wp\/v2\/posts"}],"about":[{"href":"https:\/\/www.ambienteyenergia.gob.ec\/ambiente\/wp-json\/wp\/v2\/types\/post"}],"author":[{"embeddable":true,"href":"https:\/\/www.ambienteyenergia.gob.ec\/ambiente\/wp-json\/wp\/v2\/users\/13"}],"replies":[{"embeddable":true,"href":"https:\/\/www.ambienteyenergia.gob.ec\/ambiente\/wp-json\/wp\/v2\/comments?post=13943"}],"version-history":[{"count":0,"href":"https:\/\/www.ambienteyenergia.gob.ec\/ambiente\/wp-json\/wp\/v2\/posts\/13943\/revisions"}],"wp:featuredmedia":[{"embeddable":true,"href":"https:\/\/www.ambienteyenergia.gob.ec\/ambiente\/wp-json\/wp\/v2\/media\/13944"}],"wp:attachment":[{"href":"https:\/\/www.ambienteyenergia.gob.ec\/ambiente\/wp-json\/wp\/v2\/media?parent=13943"}],"wp:term":[{"taxonomy":"category","embeddable":true,"href":"https:\/\/www.ambienteyenergia.gob.ec\/ambiente\/wp-json\/wp\/v2\/categories?post=13943"},{"taxonomy":"post_tag","embeddable":true,"href":"https:\/\/www.ambienteyenergia.gob.ec\/ambiente\/wp-json\/wp\/v2\/tags?post=13943"}],"curies":[{"name":"wp","href":"https:\/\/api.w.org\/{rel}","templated":true}]}}