{"id":13937,"date":"2013-08-08T12:03:37","date_gmt":"2013-08-08T17:03:37","guid":{"rendered":"http:\/\/www.ambiente.gob.ec\/?p=13937"},"modified":"2013-08-08T12:03:37","modified_gmt":"2013-08-08T17:03:37","slug":"15-guardaparques-del-ministerio-del-ambiente-fueron-capacitados-en-tecnicas-de-rescate-en-areas-terrestres-protegidas","status":"publish","type":"post","link":"https:\/\/www.ambienteyenergia.gob.ec\/ambiente\/15-guardaparques-del-ministerio-del-ambiente-fueron-capacitados-en-tecnicas-de-rescate-en-areas-terrestres-protegidas\/","title":{"rendered":"15 Guardaparques del Ministerio del Ambiente fueron capacitados en t\u00e9cnicas de rescate en \u00c1reas terrestres Protegidas"},"content":{"rendered":"<p style=\"text-align: justify;\">Descenso y ascensos de pendientes con arn\u00e9s y camilla para el traslado de heridos y t\u00e9cnicas de primeros auxilios fueron parte de los conocimientos que instructores del Grupo de Intervenci\u00f3n y Rescate (GIR) de la Polic\u00eda Nacional impartieron a los guardaparques de la Unidad T\u00e9cnica Isabela, de la Direcci\u00f3n del Parque Nacional Gal\u00e1pagos (DPNG), en el taller de t\u00e9cnicas de rescate, en \u00e1reas terrestres protegidas.<\/p>\n<p style=\"text-align: justify;\">\u00a0Un grupo de 15 guardaparques de los procesos de Ecosistemas, Administrativo, Gesti\u00f3n Ambiental, Uso P\u00fablico, Comunicaci\u00f3n y Educaci\u00f3n Ambiental, recibieron el entrenamiento realizado en el sector Santo Tom\u00e1s, ubicado en la parte alta de la isla Isabela, a 34 kil\u00f3metros de Puerto Villamil, sitio que cuenta con las condiciones requeridas para la pr\u00e1ctica.<\/p>\n<p style=\"text-align: justify;\">Los instructores recordaron que, adem\u00e1s, de las t\u00e9cnicas aprendidas, los guardaparques deben contar con el equipo completo de seguridad, como ropa adecuada, cuerdas, casco y camilla en buen estado.<\/p>\n<p style=\"text-align: justify;\">Ocho horas de ense\u00f1anza y pr\u00e1ctica permitir\u00e1n que los guardaparques est\u00e9n listos para reaccionar de forma inmediata ante las emergencias, de manera particular en aquellas situaciones en las que los accidentes ocurran en el \u00e1rea protegida terrestre.<\/p>\n<p style=\"text-align: justify;\">Luego de la evaluaci\u00f3n realizada, los coordinadores e instructores determinaron que es preciso actualizar constantemente las t\u00e9cnicas aplicadas para que puedan desarrollar eficazmente sus actividades en el campo.<\/p>\n<p style=\"text-align: justify;\">\n<p>&nbsp;<\/p>\n","protected":false},"excerpt":{"rendered":"<p class=\"excerpt\">Descenso y ascensos de pendientes con arn\u00e9s y camilla para el traslado de heridos y t\u00e9cnicas de primeros auxilios fueron parte de los conocimientos que instructores del Grupo de Intervenci\u00f3n y Rescate (GIR) de la Polic\u00eda Nacional impartieron a los guardaparques de la Unidad T\u00e9cnica Isabela, de la Direcci\u00f3n del Parque Nacional Gal\u00e1pagos (DPNG), en el taller de t\u00e9cnicas de&hellip; <a href=\"https:\/\/www.ambienteyenergia.gob.ec\/ambiente\/15-guardaparques-del-ministerio-del-ambiente-fueron-capacitados-en-tecnicas-de-rescate-en-areas-terrestres-protegidas\/\">Read more &rarr;<\/a><\/p>\n","protected":false},"author":13,"featured_media":13938,"comment_status":"open","ping_status":"open","sticky":false,"template":"","format":"standard","meta":{"footnotes":""},"categories":[16,4],"tags":[],"class_list":["post-13937","post","type-post","status-publish","format-standard","has-post-thumbnail","hentry","category-comunicamos","category-noticias","xfolkentry"],"_links":{"self":[{"href":"https:\/\/www.ambienteyenergia.gob.ec\/ambiente\/wp-json\/wp\/v2\/posts\/13937","targetHints":{"allow":["GET"]}}],"collection":[{"href":"https:\/\/www.ambienteyenergia.gob.ec\/ambiente\/wp-json\/wp\/v2\/posts"}],"about":[{"href":"https:\/\/www.ambienteyenergia.gob.ec\/ambiente\/wp-json\/wp\/v2\/types\/post"}],"author":[{"embeddable":true,"href":"https:\/\/www.ambienteyenergia.gob.ec\/ambiente\/wp-json\/wp\/v2\/users\/13"}],"replies":[{"embeddable":true,"href":"https:\/\/www.ambienteyenergia.gob.ec\/ambiente\/wp-json\/wp\/v2\/comments?post=13937"}],"version-history":[{"count":0,"href":"https:\/\/www.ambienteyenergia.gob.ec\/ambiente\/wp-json\/wp\/v2\/posts\/13937\/revisions"}],"wp:featuredmedia":[{"embeddable":true,"href":"https:\/\/www.ambienteyenergia.gob.ec\/ambiente\/wp-json\/wp\/v2\/media\/13938"}],"wp:attachment":[{"href":"https:\/\/www.ambienteyenergia.gob.ec\/ambiente\/wp-json\/wp\/v2\/media?parent=13937"}],"wp:term":[{"taxonomy":"category","embeddable":true,"href":"https:\/\/www.ambienteyenergia.gob.ec\/ambiente\/wp-json\/wp\/v2\/categories?post=13937"},{"taxonomy":"post_tag","embeddable":true,"href":"https:\/\/www.ambienteyenergia.gob.ec\/ambiente\/wp-json\/wp\/v2\/tags?post=13937"}],"curies":[{"name":"wp","href":"https:\/\/api.w.org\/{rel}","templated":true}]}}