{"id":13927,"date":"2013-08-08T11:59:29","date_gmt":"2013-08-08T16:59:29","guid":{"rendered":"http:\/\/www.ambiente.gob.ec\/?p=13927"},"modified":"2013-08-08T12:01:33","modified_gmt":"2013-08-08T17:01:33","slug":"la-reparacion-ambiental-se-engancha-con-la-produccion-agricola-en-150-fincas-de-pacayacu","status":"publish","type":"post","link":"https:\/\/www.ambienteyenergia.gob.ec\/ambiente\/la-reparacion-ambiental-se-engancha-con-la-produccion-agricola-en-150-fincas-de-pacayacu\/","title":{"rendered":"La reparaci\u00f3n ambiental se engancha con la producci\u00f3n agr\u00edcola en 150 fincas de  Pacayacu"},"content":{"rendered":"<p style=\"text-align: justify;\">El Ministerio del Ambiente (MAE), a trav\u00e9s del Programa de Reparaci\u00f3n Ambiental y Social (PRAS), apoya a 150 finqueros de la parroquia Pacayacu, en Sucumb\u00edos mediante el mejoramiento de la calidad ambiental de la zona, lo cual ser\u00e1 aprovechado para optimizar la producci\u00f3n agr\u00edcola.<\/p>\n<p style=\"text-align: justify;\">Jorge Collaguazo, presidente de la Junta Parroquial de Pacayacu, resalt\u00f3 el apoyo del Estado en esta comunidad, que espera constituirse en un ejemplo del manejo integral agr\u00edcola a escala de paisaje en fincas afectadas por la actividad petrolera. As\u00ed se expres\u00f3 durante la ceremonia de lanzamiento del proyecto \u201cFortalecimiento del manejo integral y sostenible de sistemas agropecuarios, mediante el uso de tecnolog\u00edas adecuadas que contribuyan a mejorar la producci\u00f3n, y garantizar la seguridad alimentaria y el nivel de vida de los productores de la parroquia Pacayacu\u201d.<\/p>\n<p style=\"text-align: justify;\">Seg\u00fan Lucila Vera, t\u00e9cnica del proyecto por parte de la Junta, fue la decreciente producci\u00f3n de caf\u00e9, cacao y forraje para el ganado lo que motiv\u00f3 a la Junta Parroquial a volcar sus esfuerzos para plantear un proyecto agroproductivo con la asistencia del Estado.<\/p>\n<p style=\"text-align: justify;\">En los \u00faltimos meses, el Instituto Aut\u00f3nomo de Investigaciones Agropecuarias (INIAP), el Centro de Investigaciones y Servicios Agropecuarios de Sucumb\u00edos (CISAS), el Centro Agron\u00f3mico Tropical de Investigaci\u00f3n y Ense\u00f1anza (CATIE) y el PRAS se han comprometido con la capacitaci\u00f3n y el seguimiento del proceso agroproductivo. Adem\u00e1s, el PRAS se ha preocupado por plantear un proyecto de reparaci\u00f3n integral de las fincas que albergan en sus inmediaciones pasivos ambientales (fosas, piscinas y derrames de petr\u00f3leo), mismos que han deteriorado la calidad de los recursos naturales y de la salud de la poblaci\u00f3n durante a\u00f1os.<\/p>\n<p style=\"text-align: justify;\">Actualmente, el PRAS realiza estudios del agua y del suelo en la zona. Adem\u00e1s, est\u00e1 previsto que este mes se inicien los procesos de reparaci\u00f3n integral a escala de paisaje en nueve fincas pilotos. Para ello, la empresa estatal PetroAmazonas tendr\u00e1 a su cargo la remediaci\u00f3n de pasivos que han permanecido sin tratamiento en la zona por varias d\u00e9cadas.<\/p>\n<p style=\"text-align: justify;\">El plan de reparaci\u00f3n integral de Pacayacu cuenta con varias l\u00edneas de acci\u00f3n. La primera se refiere a la recuperaci\u00f3n del suelo, es decir a la siembra de gram\u00edneas combinada con leguminosas que, adem\u00e1s de servir de alimento al ganado, mejorar\u00e1 r\u00e1pidamente los aspectos f\u00edsicos, qu\u00edmicos y biol\u00f3gicos del suelo. Esto se har\u00e1 con apoyo del INIAP-MAGAP.<\/p>\n<p style=\"text-align: justify;\">Otra l\u00ednea de acci\u00f3n es la mitigaci\u00f3n al cambio clim\u00e1tico, a trav\u00e9s de la fijaci\u00f3n del carbono mediante los procesos de siembra de cercas vivas a escala de pasaje, la delimitaci\u00f3n y la recuperaci\u00f3n pasiva y activa de \u00e1reas para la conservaci\u00f3n. Para este \u00faltimo punto est\u00e1 prevista la asesor\u00eda del Programa Sociobosque y de la Subsecretar\u00eda de Mitigaci\u00f3n y Adaptaci\u00f3n al Cambio Clim\u00e1tico del MAE.<\/p>\n<p style=\"text-align: justify;\">Adicionalmente, el plan incluye actividades para lograr la conectividad de las fincas, mediante la implementaci\u00f3n de los sistemas agroforestales. La idea es que las unidades agroproductivas se enlacen con los fragmentos de bosque existentes. Este aspecto es muy importante si se toma en cuenta que la Reserva de Producci\u00f3n faun\u00edstica del Cuyabeno, considerada una de las zonas m\u00e1s biodiversas del pa\u00eds, se encuentra al noreste de la zona de intervenci\u00f3n.<\/p>\n<p style=\"text-align: justify;\">Este proyecto, que responde a la permanente demanda de los moradores de la zona, ya est\u00e1 en marcha. Para fines de este a\u00f1o, Pacayacu contar\u00e1, no solo con fincas productivas sino con un paisaje pintoresco y un ambiente m\u00e1s sano para las actuales y futuras generaciones.<\/p>\n<div id='gallery-1' class='gallery galleryid-13927 gallery-columns-4 gallery-size-thumbnail'><dl class='gallery-item'>\n\t\t\t<dt class='gallery-icon landscape'>\n\t\t\t\t<a href='https:\/\/www.ambienteyenergia.gob.ec\/ambiente\/la-reparacion-ambiental-se-engancha-con-la-produccion-agricola-en-150-fincas-de-pacayacu\/p1\/'><img loading=\"lazy\" decoding=\"async\" width=\"150\" height=\"150\" src=\"https:\/\/www.ambienteyenergia.gob.ec\/ambiente\/wp-content\/uploads\/sites\/2\/2013\/08\/p1-150x150.jpg\" class=\"attachment-thumbnail size-thumbnail\" alt=\"\" \/><\/a>\n\t\t\t<\/dt><\/dl><dl class='gallery-item'>\n\t\t\t<dt class='gallery-icon landscape'>\n\t\t\t\t<a href='https:\/\/www.ambienteyenergia.gob.ec\/ambiente\/la-reparacion-ambiental-se-engancha-con-la-produccion-agricola-en-150-fincas-de-pacayacu\/sony-dsc-51\/'><img loading=\"lazy\" decoding=\"async\" width=\"150\" height=\"150\" src=\"https:\/\/www.ambienteyenergia.gob.ec\/ambiente\/wp-content\/uploads\/sites\/2\/2013\/08\/p2-150x150.jpg\" class=\"attachment-thumbnail size-thumbnail\" alt=\"\" \/><\/a>\n\t\t\t<\/dt><\/dl><dl class='gallery-item'>\n\t\t\t<dt class='gallery-icon landscape'>\n\t\t\t\t<a href='https:\/\/www.ambienteyenergia.gob.ec\/ambiente\/la-reparacion-ambiental-se-engancha-con-la-produccion-agricola-en-150-fincas-de-pacayacu\/p3-3\/'><img loading=\"lazy\" decoding=\"async\" width=\"150\" height=\"150\" src=\"https:\/\/www.ambienteyenergia.gob.ec\/ambiente\/wp-content\/uploads\/sites\/2\/2013\/08\/p32-150x150.jpg\" class=\"attachment-thumbnail size-thumbnail\" alt=\"\" \/><\/a>\n\t\t\t<\/dt><\/dl>\n\t\t\t<br style='clear: both' \/>\n\t\t<\/div>\n\n","protected":false},"excerpt":{"rendered":"<p class=\"excerpt\">El Ministerio del Ambiente (MAE), a trav\u00e9s del Programa de Reparaci\u00f3n Ambiental y Social (PRAS), apoya a 150 finqueros de la parroquia Pacayacu, en Sucumb\u00edos mediante el mejoramiento de la calidad ambiental de la zona, lo cual ser\u00e1 aprovechado para optimizar la producci\u00f3n agr\u00edcola. Jorge Collaguazo, presidente de la Junta Parroquial de Pacayacu, resalt\u00f3 el apoyo del Estado en esta&hellip; <a href=\"https:\/\/www.ambienteyenergia.gob.ec\/ambiente\/la-reparacion-ambiental-se-engancha-con-la-produccion-agricola-en-150-fincas-de-pacayacu\/\">Read more &rarr;<\/a><\/p>\n","protected":false},"author":13,"featured_media":13928,"comment_status":"open","ping_status":"open","sticky":false,"template":"","format":"standard","meta":{"footnotes":""},"categories":[16,4,1],"tags":[],"class_list":["post-13927","post","type-post","status-publish","format-standard","has-post-thumbnail","hentry","category-comunicamos","category-noticias","category-sin-categoria","xfolkentry"],"_links":{"self":[{"href":"https:\/\/www.ambienteyenergia.gob.ec\/ambiente\/wp-json\/wp\/v2\/posts\/13927","targetHints":{"allow":["GET"]}}],"collection":[{"href":"https:\/\/www.ambienteyenergia.gob.ec\/ambiente\/wp-json\/wp\/v2\/posts"}],"about":[{"href":"https:\/\/www.ambienteyenergia.gob.ec\/ambiente\/wp-json\/wp\/v2\/types\/post"}],"author":[{"embeddable":true,"href":"https:\/\/www.ambienteyenergia.gob.ec\/ambiente\/wp-json\/wp\/v2\/users\/13"}],"replies":[{"embeddable":true,"href":"https:\/\/www.ambienteyenergia.gob.ec\/ambiente\/wp-json\/wp\/v2\/comments?post=13927"}],"version-history":[{"count":0,"href":"https:\/\/www.ambienteyenergia.gob.ec\/ambiente\/wp-json\/wp\/v2\/posts\/13927\/revisions"}],"wp:featuredmedia":[{"embeddable":true,"href":"https:\/\/www.ambienteyenergia.gob.ec\/ambiente\/wp-json\/wp\/v2\/media\/13928"}],"wp:attachment":[{"href":"https:\/\/www.ambienteyenergia.gob.ec\/ambiente\/wp-json\/wp\/v2\/media?parent=13927"}],"wp:term":[{"taxonomy":"category","embeddable":true,"href":"https:\/\/www.ambienteyenergia.gob.ec\/ambiente\/wp-json\/wp\/v2\/categories?post=13927"},{"taxonomy":"post_tag","embeddable":true,"href":"https:\/\/www.ambienteyenergia.gob.ec\/ambiente\/wp-json\/wp\/v2\/tags?post=13927"}],"curies":[{"name":"wp","href":"https:\/\/api.w.org\/{rel}","templated":true}]}}